{"id":8119,"date":"2019-09-13T16:36:59","date_gmt":"2019-09-13T19:36:59","guid":{"rendered":"https:\/\/fazenda.niteroi.rj.gov.br\/site\/?p=8119"},"modified":"2019-09-13T16:37:02","modified_gmt":"2019-09-13T19:37:02","slug":"agenda-semanal-de-02-a-06-de-setembro-de-2019","status":"publish","type":"post","link":"https:\/\/www.fazenda.niteroi.rj.gov.br\/site\/agenda-semanal-de-02-a-06-de-setembro-de-2019\/","title":{"rendered":"Agenda semanal de 02 a 06 de setembro de 2019"},"content":{"rendered":"\n<p><strong>Segunda-feira, 02 de setembro<\/strong><br> \u2022    11h Pr\u00e9via Reuni\u00e3o \u2013 Comiss\u00e3o De Programa\u00e7\u00e3o Financeira E Gest\u00e3o Fiscal (CPFGF)<br> \u2022    14h30 Reuni\u00e3o \u2013 Gest\u00e3o Interna<br><br> <strong>Ter\u00e7a-feira, 03 de setembro<\/strong><br> \u2022    10h Reuni\u00e3o \u2013 Funda\u00e7\u00e3o Estatal de Sa\u00fade<br><br> <strong>Quarta-feira, 04 de setembro<\/strong><br> \u2022    9h Semin\u00e1rio Conselho Regional de Contabilidade<br> \u2022    17h30 C\u00f4nsul Geral da It\u00e1lia<br><br> <strong>Quinta-feira, 05 de setembro<\/strong><br> \u2022    15h Reuni\u00e3o Minist\u00e9rio das Rela\u00e7\u00f5es Exteriores, em Bras\u00edlia<br> \u2022    17h Reuni\u00e3o Unesco, em Bras\u00edlia<br><br> <strong>Sexta-feira, 06 de setembro<\/strong><br> \u2022    11h30 C\u00f4nsul da China e C\u00e2mara de Com\u00e9rcio<\/p>\n\n\n\n<p><\/p>\n","protected":false},"excerpt":{"rendered":"<p>Compromissos oficiais da Secret\u00e1ria da Fazenda de Niter\u00f3i, Giovanna Victer, para a primeira semana de setembro de 2019.<\/p>\n","protected":false},"author":3,"featured_media":911,"comment_status":"closed","ping_status":"closed","sticky":false,"template":"","format":"standard","meta":{"_et_pb_use_builder":"off","_et_pb_old_content":"","_et_gb_content_width":"","_usar_header_alternativo":false,"footnotes":""},"categories":[394],"tags":[],"class_list":["post-8119","post","type-post","status-publish","format-standard","has-post-thumbnail","hentry","category-agenda","et-has-post-format-content","et_post_format-et-post-format-standard"],"_links":{"self":[{"href":"https:\/\/www.fazenda.niteroi.rj.gov.br\/site\/wp-json\/wp\/v2\/posts\/8119","targetHints":{"allow":["GET"]}}],"collection":[{"href":"https:\/\/www.fazenda.niteroi.rj.gov.br\/site\/wp-json\/wp\/v2\/posts"}],"about":[{"href":"https:\/\/www.fazenda.niteroi.rj.gov.br\/site\/wp-json\/wp\/v2\/types\/post"}],"author":[{"embeddable":true,"href":"https:\/\/www.fazenda.niteroi.rj.gov.br\/site\/wp-json\/wp\/v2\/users\/3"}],"replies":[{"embeddable":true,"href":"https:\/\/www.fazenda.niteroi.rj.gov.br\/site\/wp-json\/wp\/v2\/comments?post=8119"}],"version-history":[{"count":0,"href":"https:\/\/www.fazenda.niteroi.rj.gov.br\/site\/wp-json\/wp\/v2\/posts\/8119\/revisions"}],"wp:featuredmedia":[{"embeddable":true,"href":"https:\/\/www.fazenda.niteroi.rj.gov.br\/site\/wp-json\/wp\/v2\/media\/911"}],"wp:attachment":[{"href":"https:\/\/www.fazenda.niteroi.rj.gov.br\/site\/wp-json\/wp\/v2\/media?parent=8119"}],"wp:term":[{"taxonomy":"category","embeddable":true,"href":"https:\/\/www.fazenda.niteroi.rj.gov.br\/site\/wp-json\/wp\/v2\/categories?post=8119"},{"taxonomy":"post_tag","embeddable":true,"href":"https:\/\/www.fazenda.niteroi.rj.gov.br\/site\/wp-json\/wp\/v2\/tags?post=8119"}],"curies":[{"name":"wp","href":"https:\/\/api.w.org\/{rel}","templated":true}]}}