{"id":8192,"date":"2019-10-01T10:33:35","date_gmt":"2019-10-01T13:33:35","guid":{"rendered":"https:\/\/fazenda.niteroi.rj.gov.br\/site\/?p=8192"},"modified":"2019-10-01T10:33:38","modified_gmt":"2019-10-01T13:33:38","slug":"agenda-semanal-de-16-a-20-de-setembro-de-2019","status":"publish","type":"post","link":"https:\/\/www.fazenda.niteroi.rj.gov.br\/site\/agenda-semanal-de-16-a-20-de-setembro-de-2019\/","title":{"rendered":"Agenda semanal de 16 a 20 de setembro de 2019"},"content":{"rendered":"\n<p><strong>Segunda-feira, 16 de setembro<\/strong><br> \u2022    11h Reuni\u00e3o \u2013 Gest\u00e3o Interna<br> \u2022    18h Lan\u00e7amento da Frente Setor Naval <br><br><strong> Ter\u00e7a-feira, 17 de setembro<\/strong><br> \u2022    8h30 Reuni\u00e3o \u2013 Associa\u00e7\u00e3o de Dirigentes de Empresas do Mercado Imobili\u00e1rio<br> \u2022    10h30 Lan\u00e7amento \u2013 Edital de Fomento \u00e0s Artes (Audit\u00f3rio do MAC)<br> \u2022    16h30 Apresenta\u00e7\u00e3o \u2013 Projeto Concha Ac\u00fastica<br><br> <strong>Quarta-feira, 18 de setembro<\/strong><br> \u2022    10h Apresenta\u00e7\u00e3o \u2013 FER<br> \u2022    10h30 Virada da Mobilidade<br><br> <strong>Quinta-feira, 19 de setembro<\/strong><br> \u2022    14h Workshop \u2013 Mobilidade Urbana, m\u00f3dulos de financiamento de mobilidade<br> \u2022    18h Casa Firjan<br><br><strong> Sexta-feira, 20 de setembro<\/strong><br> \u2022    9h Encontro de gestores<br> \u2022    18h 7a Confer\u00eancia das Cidades, Audit\u00f3rio NAB \u2013 Campus UFF<\/p>\n\n\n\n<p><br><\/p>\n","protected":false},"excerpt":{"rendered":"<p>Compromissos oficiais da Secret\u00e1ria da Fazenda de Niter\u00f3i, Giovanna Victer, para a terceira semana de setembro de 2019.<\/p>\n","protected":false},"author":3,"featured_media":911,"comment_status":"closed","ping_status":"closed","sticky":false,"template":"","format":"standard","meta":{"_et_pb_use_builder":"off","_et_pb_old_content":"","_et_gb_content_width":"","_usar_header_alternativo":false,"footnotes":""},"categories":[394],"tags":[],"class_list":["post-8192","post","type-post","status-publish","format-standard","has-post-thumbnail","hentry","category-agenda","et-has-post-format-content","et_post_format-et-post-format-standard"],"_links":{"self":[{"href":"https:\/\/www.fazenda.niteroi.rj.gov.br\/site\/wp-json\/wp\/v2\/posts\/8192","targetHints":{"allow":["GET"]}}],"collection":[{"href":"https:\/\/www.fazenda.niteroi.rj.gov.br\/site\/wp-json\/wp\/v2\/posts"}],"about":[{"href":"https:\/\/www.fazenda.niteroi.rj.gov.br\/site\/wp-json\/wp\/v2\/types\/post"}],"author":[{"embeddable":true,"href":"https:\/\/www.fazenda.niteroi.rj.gov.br\/site\/wp-json\/wp\/v2\/users\/3"}],"replies":[{"embeddable":true,"href":"https:\/\/www.fazenda.niteroi.rj.gov.br\/site\/wp-json\/wp\/v2\/comments?post=8192"}],"version-history":[{"count":0,"href":"https:\/\/www.fazenda.niteroi.rj.gov.br\/site\/wp-json\/wp\/v2\/posts\/8192\/revisions"}],"wp:featuredmedia":[{"embeddable":true,"href":"https:\/\/www.fazenda.niteroi.rj.gov.br\/site\/wp-json\/wp\/v2\/media\/911"}],"wp:attachment":[{"href":"https:\/\/www.fazenda.niteroi.rj.gov.br\/site\/wp-json\/wp\/v2\/media?parent=8192"}],"wp:term":[{"taxonomy":"category","embeddable":true,"href":"https:\/\/www.fazenda.niteroi.rj.gov.br\/site\/wp-json\/wp\/v2\/categories?post=8192"},{"taxonomy":"post_tag","embeddable":true,"href":"https:\/\/www.fazenda.niteroi.rj.gov.br\/site\/wp-json\/wp\/v2\/tags?post=8192"}],"curies":[{"name":"wp","href":"https:\/\/api.w.org\/{rel}","templated":true}]}}