{"id":8230,"date":"2019-10-21T14:23:02","date_gmt":"2019-10-21T17:23:02","guid":{"rendered":"https:\/\/fazenda.niteroi.rj.gov.br\/site\/?p=8230"},"modified":"2019-10-21T14:26:15","modified_gmt":"2019-10-21T17:26:15","slug":"workshop-niteroi-do-futuro","status":"publish","type":"post","link":"https:\/\/www.fazenda.niteroi.rj.gov.br\/site\/workshop-niteroi-do-futuro\/","title":{"rendered":"Workshop Niter\u00f3i do Futuro"},"content":{"rendered":"\n<p>A Secret\u00e1ria Municipal de Fazenda, Giovanna Victer, convida para o <strong>&#8220;Workshop Niter\u00f3i do Futuro &#8211; Compromisso com a sustentabilidade fiscal para as pr\u00f3ximas gera\u00e7\u00f5es&#8221;<\/strong>, a se realizar no dia 23 de outubro, na Sala Nelson Pereira dos Santos (S\u00e3o Domingos | Niter\u00f3i).  Em parceria com a ONU-Habitat, o evento comp\u00f5e o Circuito Urbano \u201cCidades Inovadoras e Inclusivas &#8211; Como a inova\u00e7\u00e3o pode aprimorar servi\u00e7os e pol\u00edticas urbanas de maneira inclusiva e sustent\u00e1vel?\u201d.<\/p>\n\n\n\n<p>O workshop, que contar\u00e1 com especialistas renomados da \u00e1rea do petr\u00f3leo e g\u00e1s, tem como objetivo debater o futuro da ind\u00fastria do petr\u00f3leo e g\u00e1s e ampliar o conhecimento da sociedade a respeito do Fundo de Equaliza\u00e7\u00e3o da Receita de Niter\u00f3i, conhecido como Poupan\u00e7a dos Royalties, que atualmente possui mais de 220 milh\u00f5es de reais advindos de recursos dos royalties poupados.<\/p>\n\n\n\n<div class=\"wp-block-image\"><figure class=\"aligncenter\"><img loading=\"lazy\" decoding=\"async\" width=\"600\" height=\"400\" src=\"https:\/\/fazenda.niteroi.rj.gov.br\/site\/wp-content\/uploads\/2019\/10\/Workshop_niteroi_do_futuro-01-21.10.2019-600x400.png\" alt=\"\" class=\"wp-image-8232\" srcset=\"https:\/\/www.fazenda.niteroi.rj.gov.br\/site\/wp-content\/uploads\/2019\/10\/Workshop_niteroi_do_futuro-01-21.10.2019-600x400.png 600w, https:\/\/www.fazenda.niteroi.rj.gov.br\/site\/wp-content\/uploads\/2019\/10\/Workshop_niteroi_do_futuro-01-21.10.2019-400x267.png 400w, https:\/\/www.fazenda.niteroi.rj.gov.br\/site\/wp-content\/uploads\/2019\/10\/Workshop_niteroi_do_futuro-01-21.10.2019-768x512.png 768w, https:\/\/www.fazenda.niteroi.rj.gov.br\/site\/wp-content\/uploads\/2019\/10\/Workshop_niteroi_do_futuro-01-21.10.2019-1080x720.png 1080w, https:\/\/www.fazenda.niteroi.rj.gov.br\/site\/wp-content\/uploads\/2019\/10\/Workshop_niteroi_do_futuro-01-21.10.2019.png 1620w\" sizes=\"auto, (max-width: 600px) 100vw, 600px\" \/><\/figure><\/div>\n\n\n\n<p><strong>Informa\u00e7\u00f5es<\/strong><br> Local: Sala Nelson Pereira dos Santos<br> Endere\u00e7o: Avenida Visconde do Rio Branco, 880 &#8211; S\u00e3o Domingos <br> Dia: 23 de outubro de 2019<br> Hora: 09 \u00e0s 13h<br> Programa\u00e7\u00e3o: <a href=\"http:\/\/bit.do\/fdJ3H\">http:\/\/bit.do\/fdJ3H<\/a><\/p>\n\n\n\n<p>Para participar do workshop, inscreva-se pelo Facebook <a href=\"https:\/\/bit.ly\/2MFpzEX\">https:\/\/bit.ly\/2MFpzEX<\/a> ou pelo e-mail <strong>ascom@fazenda.niteroi.rj.gov.br<\/strong>. <\/p>\n\n\n\n<p><em>O convite \u00e9 extens\u00edvel a Secret\u00e1rios, Subsecret\u00e1rios, gestores p\u00fablicos e sociedade.<\/em><\/p>\n","protected":false},"excerpt":{"rendered":"<p>Compromisso com a sustentabilidade fiscal para as pr\u00f3ximas gera\u00e7\u00f5es<\/p>\n","protected":false},"author":3,"featured_media":8232,"comment_status":"closed","ping_status":"closed","sticky":false,"template":"","format":"standard","meta":{"_et_pb_use_builder":"","_et_pb_old_content":"","_et_gb_content_width":"","_usar_header_alternativo":false,"footnotes":""},"categories":[10],"tags":[],"class_list":["post-8230","post","type-post","status-publish","format-standard","has-post-thumbnail","hentry","category-noticias","et-has-post-format-content","et_post_format-et-post-format-standard"],"_links":{"self":[{"href":"https:\/\/www.fazenda.niteroi.rj.gov.br\/site\/wp-json\/wp\/v2\/posts\/8230","targetHints":{"allow":["GET"]}}],"collection":[{"href":"https:\/\/www.fazenda.niteroi.rj.gov.br\/site\/wp-json\/wp\/v2\/posts"}],"about":[{"href":"https:\/\/www.fazenda.niteroi.rj.gov.br\/site\/wp-json\/wp\/v2\/types\/post"}],"author":[{"embeddable":true,"href":"https:\/\/www.fazenda.niteroi.rj.gov.br\/site\/wp-json\/wp\/v2\/users\/3"}],"replies":[{"embeddable":true,"href":"https:\/\/www.fazenda.niteroi.rj.gov.br\/site\/wp-json\/wp\/v2\/comments?post=8230"}],"version-history":[{"count":0,"href":"https:\/\/www.fazenda.niteroi.rj.gov.br\/site\/wp-json\/wp\/v2\/posts\/8230\/revisions"}],"wp:featuredmedia":[{"embeddable":true,"href":"https:\/\/www.fazenda.niteroi.rj.gov.br\/site\/wp-json\/wp\/v2\/media\/8232"}],"wp:attachment":[{"href":"https:\/\/www.fazenda.niteroi.rj.gov.br\/site\/wp-json\/wp\/v2\/media?parent=8230"}],"wp:term":[{"taxonomy":"category","embeddable":true,"href":"https:\/\/www.fazenda.niteroi.rj.gov.br\/site\/wp-json\/wp\/v2\/categories?post=8230"},{"taxonomy":"post_tag","embeddable":true,"href":"https:\/\/www.fazenda.niteroi.rj.gov.br\/site\/wp-json\/wp\/v2\/tags?post=8230"}],"curies":[{"name":"wp","href":"https:\/\/api.w.org\/{rel}","templated":true}]}}