{"id":8422,"date":"2019-12-09T17:29:44","date_gmt":"2019-12-09T20:29:44","guid":{"rendered":"https:\/\/fazenda.niteroi.rj.gov.br\/site\/?p=8422"},"modified":"2019-12-09T17:29:46","modified_gmt":"2019-12-09T20:29:46","slug":"acordao-2209-2018","status":"publish","type":"post","link":"https:\/\/www.fazenda.niteroi.rj.gov.br\/site\/acordao-2209-2018\/","title":{"rendered":"Ac\u00f3rd\u00e3o 2209\/2018"},"content":{"rendered":"\n<ul class=\"wp-block-list\"><li>1054\u00ba Sess\u00e3o Ordin\u00e1ria, de 11\/09\/2018.<\/li><li>Processo: 030\/019172\/2015<\/li><li>Recorrente: Espa\u00e7o Sorriso Odontologia Integrada S\/S<\/li><li>Ementa: &#8220;Taxa de licen\u00e7a para instala\u00e7\u00e3o e funcionamento &#8211; TLIF &#8211; Valor cobrado n\u00e3o corresponde ao previsto no CTM. Recurso de Of\u00edcio &#8211; Decis\u00e3o Correta que se imp\u00f5e em confirma\u00e7\u00e3o de pagamento do tributo. Recurso de Of\u00edcio Improvido&#8221;.<\/li><li>Inteiro Teor: <a href=\"https:\/\/fazenda.niteroi.rj.gov.br\/site\/wp-content\/uploads\/2019\/12\/0300191722015.pdf\">Ac\u00f3rd\u00e3o 2.209\/2018<\/a>; <\/li><li><strong>Enviado<\/strong> <strong>ao Prefeito para  homologa\u00e7\u00e3o em: 02\/10\/2018.<\/strong><\/li><\/ul>\n\n\n\n<p>De acordo\ncom&nbsp; o que preceitua o Art. 86 Inciso II&nbsp; da Lei 3368\/18, que\nestabelece as decis\u00f5es do Conselho submetidas a ato homologat\u00f3rio do Prefeito\nMunicipal, precedido de manifesta\u00e7\u00e3o do Secret\u00e1rio de Fazenda. <\/p>\n\n\n\n<ul class=\"wp-block-list\"><li><strong>Data da Homologa\u00e7\u00e3o: 05\/02\/2019.<\/strong><\/li><\/ul>\n\n\n\n<p>Conforme o arquivo que est\u00e1 no link a seguir: <a href=\"https:\/\/fazenda.niteroi.rj.gov.br\/site\/wp-content\/uploads\/2019\/12\/0300277982017-Homologacao.pdf\">Decis\u00e3o <\/a><a href=\"https:\/\/fazenda.niteroi.rj.gov.br\/site\/wp-content\/uploads\/2019\/12\/0300191722015-Homologacao.pdf\">d<\/a><a href=\"https:\/\/fazenda.niteroi.rj.gov.br\/site\/wp-content\/uploads\/2019\/12\/0300277982017-Homologacao.pdf\">o Prefeito em exerc\u00edcio do Munic\u00edpio de Niter\u00f3i.<\/a><\/p>\n\n\n\n<ul class=\"wp-block-list\"><li><strong>Publicado em Di\u00e1rio Oficial em 19\/03\/2019.<\/strong><\/li><\/ul>\n","protected":false},"excerpt":{"rendered":"<p>1054\u00ba Sess\u00e3o Ordin\u00e1ria, de 11\/09\/2018. Processo: 030\/019172\/2015 Recorrente: Espa\u00e7o Sorriso Odontologia Integrada S\/S Ementa: &#8220;Taxa de licen\u00e7a para instala\u00e7\u00e3o e funcionamento &#8211; TLIF &#8211; Valor cobrado n\u00e3o corresponde ao previsto [&hellip;]<\/p>\n","protected":false},"author":4,"featured_media":911,"comment_status":"closed","ping_status":"closed","sticky":false,"template":"","format":"standard","meta":{"_et_pb_use_builder":"off","_et_pb_old_content":"","_et_gb_content_width":"","_usar_header_alternativo":false,"footnotes":""},"categories":[131,126],"tags":[],"class_list":["post-8422","post","type-post","status-publish","format-standard","has-post-thumbnail","hentry","category-acordaos","category-ccn","et-has-post-format-content","et_post_format-et-post-format-standard"],"_links":{"self":[{"href":"https:\/\/www.fazenda.niteroi.rj.gov.br\/site\/wp-json\/wp\/v2\/posts\/8422","targetHints":{"allow":["GET"]}}],"collection":[{"href":"https:\/\/www.fazenda.niteroi.rj.gov.br\/site\/wp-json\/wp\/v2\/posts"}],"about":[{"href":"https:\/\/www.fazenda.niteroi.rj.gov.br\/site\/wp-json\/wp\/v2\/types\/post"}],"author":[{"embeddable":true,"href":"https:\/\/www.fazenda.niteroi.rj.gov.br\/site\/wp-json\/wp\/v2\/users\/4"}],"replies":[{"embeddable":true,"href":"https:\/\/www.fazenda.niteroi.rj.gov.br\/site\/wp-json\/wp\/v2\/comments?post=8422"}],"version-history":[{"count":0,"href":"https:\/\/www.fazenda.niteroi.rj.gov.br\/site\/wp-json\/wp\/v2\/posts\/8422\/revisions"}],"wp:featuredmedia":[{"embeddable":true,"href":"https:\/\/www.fazenda.niteroi.rj.gov.br\/site\/wp-json\/wp\/v2\/media\/911"}],"wp:attachment":[{"href":"https:\/\/www.fazenda.niteroi.rj.gov.br\/site\/wp-json\/wp\/v2\/media?parent=8422"}],"wp:term":[{"taxonomy":"category","embeddable":true,"href":"https:\/\/www.fazenda.niteroi.rj.gov.br\/site\/wp-json\/wp\/v2\/categories?post=8422"},{"taxonomy":"post_tag","embeddable":true,"href":"https:\/\/www.fazenda.niteroi.rj.gov.br\/site\/wp-json\/wp\/v2\/tags?post=8422"}],"curies":[{"name":"wp","href":"https:\/\/api.w.org\/{rel}","templated":true}]}}