{"id":8462,"date":"2019-12-10T13:41:25","date_gmt":"2019-12-10T16:41:25","guid":{"rendered":"https:\/\/fazenda.niteroi.rj.gov.br\/site\/?p=8462"},"modified":"2019-12-10T13:41:27","modified_gmt":"2019-12-10T16:41:27","slug":"acordao-2277-2018","status":"publish","type":"post","link":"https:\/\/www.fazenda.niteroi.rj.gov.br\/site\/acordao-2277-2018\/","title":{"rendered":"Ac\u00f3rd\u00e3o 2277\/2018"},"content":{"rendered":"\n<ul class=\"wp-block-list\"><li>1083\u00ba Sess\u00e3o Ordin\u00e1ria, de 06\/12\/2018.<\/li><li>Processo: 030\/029433\/2017<\/li><li>Recorrente: Confidence Corretora de C\u00e2mbio S\/A.<\/li><li>Ementa: \u201c Recurso Volunt\u00e1rio \u2013 Auto de Infra\u00e7\u00e3o \u2013 TLIF &#8211; Taxa de licen\u00e7a, instala\u00e7\u00e3o e fiscaliza\u00e7\u00e3o &#8211; Falta de pagamento &#8211; Inicio das Atividades sem o recolhimento das taxa &#8211; Intelig\u00eancia do Artigo 126, inciso II da Lei 2597\/2008 &#8211; Base de c\u00e1lculo incorreta &#8211; Valor da TLIF tem que ser o da data de in\u00edcio das atividades no munic\u00edpio &#8211; Erro material &#8211; Nulo o Ato administrativo de lan\u00e7amento &#8211; Cerceamento ao direito a Ampla defesa e ao contradit\u00f3rio &#8211; Provimento Total ao Recurso Volunt\u00e1rio.\u201d.<\/li><li>Inteiro Teor:\u00a0<a href=\"https:\/\/fazenda.niteroi.rj.gov.br\/site\/wp-content\/uploads\/2019\/12\/0300294332017.pdf\">Ac\u00f3rd\u00e3o 2.277\/2019<\/a>;<\/li><li><strong>Enviado<\/strong>\u00a0<strong>a Secretaria Municipal de Fazenda para ato homologat\u00f3rio em: 28\/12\/2019<\/strong><\/li><\/ul>\n\n\n\n<p>De acordo com&nbsp; o que\npreceitua o Art. 86 Inciso II&nbsp; da Lei 3368\/18, que estabelece as decis\u00f5es\ndo Conselho submetidas a ato homologat\u00f3rio do Prefeito Municipal, precedido de\nmanifesta\u00e7\u00e3o do Secret\u00e1rio de Fazenda.<\/p>\n\n\n\n<ul class=\"wp-block-list\"><li><strong>Data da Homologa\u00e7\u00e3o: 07\/06\/2019<\/strong><\/li><\/ul>\n\n\n\n<p>Conforme o arquivo que est\u00e1 no link a seguir:\u00a0<a href=\"https:\/\/fazenda.niteroi.rj.gov.br\/site\/wp-content\/uploads\/2019\/12\/0300294332017-Homologacao.pdf\">Ato homologat\u00f3rio da Secretaria Municipal de Fazenda de Niter\u00f3i<\/a><\/p>\n\n\n\n<ul class=\"wp-block-list\"><li><strong>Publicado em Di\u00e1rio Oficial em 05\/08\/2019<\/strong><\/li><\/ul>\n\n\n\n<ul class=\"wp-block-gallery columns-0 is-cropped wp-block-gallery-1 is-layout-flex wp-block-gallery-is-layout-flex\"><\/ul>\n","protected":false},"excerpt":{"rendered":"<p>1083\u00ba Sess\u00e3o Ordin\u00e1ria, de 06\/12\/2018. Processo: 030\/029433\/2017 Recorrente: Confidence Corretora de C\u00e2mbio S\/A. Ementa: \u201c Recurso Volunt\u00e1rio \u2013 Auto de Infra\u00e7\u00e3o \u2013 TLIF &#8211; Taxa de licen\u00e7a, instala\u00e7\u00e3o e fiscaliza\u00e7\u00e3o [&hellip;]<\/p>\n","protected":false},"author":4,"featured_media":911,"comment_status":"closed","ping_status":"closed","sticky":false,"template":"","format":"standard","meta":{"_et_pb_use_builder":"off","_et_pb_old_content":"","_et_gb_content_width":"","_usar_header_alternativo":false,"footnotes":""},"categories":[131,126],"tags":[],"class_list":["post-8462","post","type-post","status-publish","format-standard","has-post-thumbnail","hentry","category-acordaos","category-ccn","et-has-post-format-content","et_post_format-et-post-format-standard"],"_links":{"self":[{"href":"https:\/\/www.fazenda.niteroi.rj.gov.br\/site\/wp-json\/wp\/v2\/posts\/8462","targetHints":{"allow":["GET"]}}],"collection":[{"href":"https:\/\/www.fazenda.niteroi.rj.gov.br\/site\/wp-json\/wp\/v2\/posts"}],"about":[{"href":"https:\/\/www.fazenda.niteroi.rj.gov.br\/site\/wp-json\/wp\/v2\/types\/post"}],"author":[{"embeddable":true,"href":"https:\/\/www.fazenda.niteroi.rj.gov.br\/site\/wp-json\/wp\/v2\/users\/4"}],"replies":[{"embeddable":true,"href":"https:\/\/www.fazenda.niteroi.rj.gov.br\/site\/wp-json\/wp\/v2\/comments?post=8462"}],"version-history":[{"count":0,"href":"https:\/\/www.fazenda.niteroi.rj.gov.br\/site\/wp-json\/wp\/v2\/posts\/8462\/revisions"}],"wp:featuredmedia":[{"embeddable":true,"href":"https:\/\/www.fazenda.niteroi.rj.gov.br\/site\/wp-json\/wp\/v2\/media\/911"}],"wp:attachment":[{"href":"https:\/\/www.fazenda.niteroi.rj.gov.br\/site\/wp-json\/wp\/v2\/media?parent=8462"}],"wp:term":[{"taxonomy":"category","embeddable":true,"href":"https:\/\/www.fazenda.niteroi.rj.gov.br\/site\/wp-json\/wp\/v2\/categories?post=8462"},{"taxonomy":"post_tag","embeddable":true,"href":"https:\/\/www.fazenda.niteroi.rj.gov.br\/site\/wp-json\/wp\/v2\/tags?post=8462"}],"curies":[{"name":"wp","href":"https:\/\/api.w.org\/{rel}","templated":true}]}}