{"id":8514,"date":"2019-12-11T17:02:41","date_gmt":"2019-12-11T20:02:41","guid":{"rendered":"https:\/\/fazenda.niteroi.rj.gov.br\/site\/?p=8514"},"modified":"2019-12-11T17:02:43","modified_gmt":"2019-12-11T20:02:43","slug":"acordao-2130-2018-3","status":"publish","type":"post","link":"https:\/\/www.fazenda.niteroi.rj.gov.br\/site\/acordao-2130-2018-3\/","title":{"rendered":"Ac\u00f3rd\u00e3o 2130\/2018"},"content":{"rendered":"\n<ul class=\"wp-block-list\"><li>1014\u00ba Sess\u00e3o Ordin\u00e1ria, de 01\/02\/2018.<\/li><li>Processo: 030\/0164502017.<\/li><li>Recorrente: Sra. Maria Elmira Vellozo. <\/li><li>Ementa: &#8220;IPTU &#8211; Lan\u00e7amento Complementar de Of\u00edcio &#8211; Ci\u00eancia anterior do fato juridicamente relevante pela administra\u00e7\u00e3o &#8211; Erro de Direito &#8211; inaplicabilidade do ART. 145, III c\/c 149, VIII do CTN e ART. 16 da Lei Municipal n\u00b0. 2.597\/08 &#8211; Provimento do Recurso&#8221;.<\/li><li>Inteiro Teor: <a href=\"https:\/\/fazenda.niteroi.rj.gov.br\/site\/wp-content\/uploads\/2019\/12\/0300164502017.pdf\">Ac\u00f3rd\u00e3o 2.014\/2018<\/a>; <\/li><li><strong>Enviado<\/strong> <strong>ao Prefeito para homologa\u00e7\u00e3o em: 21\/02\/2018.<\/strong><\/li><\/ul>\n\n\n\n<p>De acordo com\u00a0 o que preceitua o ART. 86 Inciso II\u00a0 da Lei 3368\/18, que estabelece as decis\u00f5es do Conselho submetidas a ato homologat\u00f3rio do Prefeito Municipal, precedido de manifesta\u00e7\u00e3o do Secret\u00e1rio de Fazenda. <\/p>\n\n\n\n<ul class=\"wp-block-list\"><li><strong>Data da Homologa\u00e7\u00e3o: 09\/05\/2018<\/strong><\/li><\/ul>\n\n\n\n<p>Conforme o arquivo que est\u00e1 no link a seguir: <a href=\"https:\/\/fazenda.niteroi.rj.gov.br\/site\/wp-content\/uploads\/2019\/12\/0300164502017-Homologacao.pdf\">Decis\u00e3o do Prefeito do Munic\u00edpio de Niter\u00f3i.<\/a><\/p>\n\n\n\n<ul class=\"wp-block-list\"><li><strong>Publicado em Di\u00e1rio Oficial em 06\/07\/2018 .<\/strong><\/li><\/ul>\n","protected":false},"excerpt":{"rendered":"<p>1014\u00ba Sess\u00e3o Ordin\u00e1ria, de 01\/02\/2018. Processo: 030\/0164502017. Recorrente: Sra. Maria Elmira Vellozo. Ementa: &#8220;IPTU &#8211; Lan\u00e7amento Complementar de Of\u00edcio &#8211; Ci\u00eancia anterior do fato juridicamente relevante pela administra\u00e7\u00e3o &#8211; Erro [&hellip;]<\/p>\n","protected":false},"author":4,"featured_media":911,"comment_status":"closed","ping_status":"closed","sticky":false,"template":"","format":"standard","meta":{"_et_pb_use_builder":"off","_et_pb_old_content":"","_et_gb_content_width":"","_usar_header_alternativo":false,"footnotes":""},"categories":[131,126],"tags":[],"class_list":["post-8514","post","type-post","status-publish","format-standard","has-post-thumbnail","hentry","category-acordaos","category-ccn","et-has-post-format-content","et_post_format-et-post-format-standard"],"_links":{"self":[{"href":"https:\/\/www.fazenda.niteroi.rj.gov.br\/site\/wp-json\/wp\/v2\/posts\/8514","targetHints":{"allow":["GET"]}}],"collection":[{"href":"https:\/\/www.fazenda.niteroi.rj.gov.br\/site\/wp-json\/wp\/v2\/posts"}],"about":[{"href":"https:\/\/www.fazenda.niteroi.rj.gov.br\/site\/wp-json\/wp\/v2\/types\/post"}],"author":[{"embeddable":true,"href":"https:\/\/www.fazenda.niteroi.rj.gov.br\/site\/wp-json\/wp\/v2\/users\/4"}],"replies":[{"embeddable":true,"href":"https:\/\/www.fazenda.niteroi.rj.gov.br\/site\/wp-json\/wp\/v2\/comments?post=8514"}],"version-history":[{"count":0,"href":"https:\/\/www.fazenda.niteroi.rj.gov.br\/site\/wp-json\/wp\/v2\/posts\/8514\/revisions"}],"wp:featuredmedia":[{"embeddable":true,"href":"https:\/\/www.fazenda.niteroi.rj.gov.br\/site\/wp-json\/wp\/v2\/media\/911"}],"wp:attachment":[{"href":"https:\/\/www.fazenda.niteroi.rj.gov.br\/site\/wp-json\/wp\/v2\/media?parent=8514"}],"wp:term":[{"taxonomy":"category","embeddable":true,"href":"https:\/\/www.fazenda.niteroi.rj.gov.br\/site\/wp-json\/wp\/v2\/categories?post=8514"},{"taxonomy":"post_tag","embeddable":true,"href":"https:\/\/www.fazenda.niteroi.rj.gov.br\/site\/wp-json\/wp\/v2\/tags?post=8514"}],"curies":[{"name":"wp","href":"https:\/\/api.w.org\/{rel}","templated":true}]}}