{"id":8697,"date":"2019-12-16T18:08:26","date_gmt":"2019-12-16T21:08:26","guid":{"rendered":"https:\/\/fazenda.niteroi.rj.gov.br\/site\/?p=8697"},"modified":"2020-01-10T16:22:50","modified_gmt":"2020-01-10T19:22:50","slug":"pauta-de-julgamento-para-o-dia-18-de-dezembro-de-2019-2","status":"publish","type":"post","link":"https:\/\/www.fazenda.niteroi.rj.gov.br\/site\/pauta-de-julgamento-para-o-dia-18-de-dezembro-de-2019-2\/","title":{"rendered":"Pauta de Julgamento para o dia 18 de dezembro de 2019."},"content":{"rendered":"\n<div class=\"wp-block-image\"><figure class=\"aligncenter is-resized\"><img loading=\"lazy\" decoding=\"async\" src=\"https:\/\/fazenda.niteroi.rj.gov.br\/site\/wp-content\/uploads\/2019\/04\/gov-desafios-quadrado-306x600.jpg\" alt=\"\" class=\"wp-image-7450\" width=\"136\" height=\"266\" srcset=\"https:\/\/www.fazenda.niteroi.rj.gov.br\/site\/wp-content\/uploads\/2019\/04\/gov-desafios-quadrado-306x600.jpg 306w, https:\/\/www.fazenda.niteroi.rj.gov.br\/site\/wp-content\/uploads\/2019\/04\/gov-desafios-quadrado-153x300.jpg 153w, https:\/\/www.fazenda.niteroi.rj.gov.br\/site\/wp-content\/uploads\/2019\/04\/gov-desafios-quadrado.jpg 363w\" sizes=\"auto, (max-width: 136px) 100vw, 136px\" \/><\/figure><\/div>\n\n\n\n<p class=\"has-text-align-center\"><strong>PREFEITURA MUNICIPAL DE NITER\u00d3I<\/strong><\/p>\n\n\n\n<p class=\"has-text-align-center\"><strong>CONSELHO\nDE CONTRIBUINTES DO MUNIC\u00cdPIO DE NITER\u00d3I \u2013 FCCN<\/strong><\/p>\n\n\n\n<p class=\"has-text-align-center\"><strong>REUNI\u00c3O\nPARA JULGAMENTOS DE RECURSOS, A SER REALIZADA NO DIA 18 DE DEZEMBRO DE 2019,\nCOM IN\u00cdCIO \u00c0S 10:00,<\/strong><\/p>\n\n\n\n<p class=\"has-text-align-center\"><strong>Pauta de Julgamentos <\/strong><\/p>\n\n\n\n<p class=\"has-text-align-center\"><strong>(Art. 15, \u00a7 3\u00ba, da Lei n\u00ba 2.228\/2005\ne Art. 76 do Decreto n\u00ba 9.735\/2005)<\/strong><\/p>\n\n\n\n<p class=\"has-text-align-center\"><strong>\u25ba <\/strong><strong>1164\u00aa Sess\u00e3o Ordin\u00e1ria:<\/strong><\/p>\n\n\n\n<p class=\"has-text-align-center\"><strong>PROCESSO:\n030\/020220\/2019<\/strong><\/p>\n\n\n\n<p class=\"has-text-align-center\">RECORRENTE: MARIA IVONETE GOMES FERRO DE S\u00c1 DINIZ <\/p>\n\n\n\n<p class=\"has-text-align-center\">CONSELHEIRO\/RELATOR:\nSR. ROBERTO MARINHO DE MELLO<\/p>\n\n\n\n<p class=\"has-text-align-center\"><strong>PROCESSO:\n030\/000651\/2017<\/strong><\/p>\n\n\n\n<p class=\"has-text-align-center\">RECORRENTE:\nESPOLIO DE JAYME SOARES DA COSTA<\/p>\n\n\n\n<p class=\"has-text-align-center\">CONSELHEIRO\/RELATOR:\nSR. ROBERTO MARINHO DE MELLO<\/p>\n\n\n\n<p class=\"has-text-align-center\"><strong>PROCESSO:\n030\/027489\/2017<\/strong><\/p>\n\n\n\n<p class=\"has-text-align-center\">RECORRENTE:\nIRINA CONSULTORIA E CORRETAGEM DE SEGUROS LTDA <\/p>\n\n\n\n<p class=\"has-text-align-center\">CONSELHEIRO\/RELATOR:\nSR ROBERO MARINHO DE MELLO<\/p>\n\n\n\n<p class=\"has-text-align-center\"><strong>PROCESSO: 030\/019115\/2016<\/strong><\/p>\n\n\n\n<p class=\"has-text-align-center\">RECORRENTE: ENSINO MAIS F\u00c1CIL TECNOLOGIA LTDA<\/p>\n\n\n\n<p class=\"has-text-align-center\">CONSELHEIRO\/RELATOR:\nSR ROBERO PEDREIRA FERREIRA CURI <\/p>\n\n\n\n<p class=\"has-text-align-center\">&nbsp;&nbsp;&nbsp;&nbsp;&nbsp;&nbsp;&nbsp;&nbsp;&nbsp;&nbsp;&nbsp;&nbsp;&nbsp;&nbsp;&nbsp;&nbsp;&nbsp;&nbsp;&nbsp;&nbsp;&nbsp;&nbsp;&nbsp;&nbsp;<strong>FCCN, EM 16 DE DEZEMBRO DE 2019.<\/strong><\/p>\n","protected":false},"excerpt":{"rendered":"<p>PREFEITURA MUNICIPAL DE NITER\u00d3I CONSELHO DE CONTRIBUINTES DO MUNIC\u00cdPIO DE NITER\u00d3I \u2013 FCCN REUNI\u00c3O PARA JULGAMENTOS DE RECURSOS, A SER REALIZADA NO DIA 18 DE DEZEMBRO DE 2019, COM IN\u00cdCIO [&hellip;]<\/p>\n","protected":false},"author":4,"featured_media":911,"comment_status":"closed","ping_status":"closed","sticky":false,"template":"","format":"standard","meta":{"_et_pb_use_builder":"off","_et_pb_old_content":"","_et_gb_content_width":"","_usar_header_alternativo":false,"footnotes":""},"categories":[126,132],"tags":[],"class_list":["post-8697","post","type-post","status-publish","format-standard","has-post-thumbnail","hentry","category-ccn","category-pautas","et-has-post-format-content","et_post_format-et-post-format-standard"],"_links":{"self":[{"href":"https:\/\/www.fazenda.niteroi.rj.gov.br\/site\/wp-json\/wp\/v2\/posts\/8697","targetHints":{"allow":["GET"]}}],"collection":[{"href":"https:\/\/www.fazenda.niteroi.rj.gov.br\/site\/wp-json\/wp\/v2\/posts"}],"about":[{"href":"https:\/\/www.fazenda.niteroi.rj.gov.br\/site\/wp-json\/wp\/v2\/types\/post"}],"author":[{"embeddable":true,"href":"https:\/\/www.fazenda.niteroi.rj.gov.br\/site\/wp-json\/wp\/v2\/users\/4"}],"replies":[{"embeddable":true,"href":"https:\/\/www.fazenda.niteroi.rj.gov.br\/site\/wp-json\/wp\/v2\/comments?post=8697"}],"version-history":[{"count":0,"href":"https:\/\/www.fazenda.niteroi.rj.gov.br\/site\/wp-json\/wp\/v2\/posts\/8697\/revisions"}],"wp:featuredmedia":[{"embeddable":true,"href":"https:\/\/www.fazenda.niteroi.rj.gov.br\/site\/wp-json\/wp\/v2\/media\/911"}],"wp:attachment":[{"href":"https:\/\/www.fazenda.niteroi.rj.gov.br\/site\/wp-json\/wp\/v2\/media?parent=8697"}],"wp:term":[{"taxonomy":"category","embeddable":true,"href":"https:\/\/www.fazenda.niteroi.rj.gov.br\/site\/wp-json\/wp\/v2\/categories?post=8697"},{"taxonomy":"post_tag","embeddable":true,"href":"https:\/\/www.fazenda.niteroi.rj.gov.br\/site\/wp-json\/wp\/v2\/tags?post=8697"}],"curies":[{"name":"wp","href":"https:\/\/api.w.org\/{rel}","templated":true}]}}