{"id":8946,"date":"2020-02-07T17:34:21","date_gmt":"2020-02-07T20:34:21","guid":{"rendered":"https:\/\/fazenda.niteroi.rj.gov.br\/site\/?p=8946"},"modified":"2020-02-07T17:34:24","modified_gmt":"2020-02-07T20:34:24","slug":"pauta-de-julgamento-para-o-dia-12-de-fevereiro-de-2020-2","status":"publish","type":"post","link":"https:\/\/www.fazenda.niteroi.rj.gov.br\/site\/pauta-de-julgamento-para-o-dia-12-de-fevereiro-de-2020-2\/","title":{"rendered":"PAUTA DE JULGAMENTO PARA O DIA 12 DE FEVEREIRO DE 2020."},"content":{"rendered":"\n<h4 class=\"has-text-align-center wp-block-heading\">PREFEITURA MUNICIPAL DE NITER\u00d3I<br>CONSELHO DE CONTRIBUINTES DO MUNIC\u00cdPIO DE NITER\u00d3I \u2013 FCCN <\/h4>\n\n\n\n<p class=\"has-text-align-center\"> <strong>REUNI\u00c3O PARA JULGAMENTOS DE RECURSOS, A SER REALIZADA NO DIA 12 DE FEVEREIRO DE 2020, COM IN\u00cdCIO \u00c0S 10:00:<\/strong>       <\/p>\n\n\n\n<h3 class=\"has-text-align-center wp-block-heading\"><strong>Pauta de Julgamentos<\/strong> <\/h3>\n\n\n\n<p class=\"has-text-align-center\">  <strong>(Art. 15, \u00a7 3\u00ba, da Lei n\u00ba 2.228\/2005 e Art. 76 do Decreto n\u00ba 9.735\/2005)<\/strong>    <\/p>\n\n\n\n<p class=\"has-text-align-center\">  <strong>\u25ba 1176\u00aa Sess\u00e3o Ordin\u00e1ria:<\/strong>    <\/p>\n\n\n\n<p class=\"has-text-align-center\"><strong> PROCESSO: 030\/010967\/2017 <\/strong><\/p>\n\n\n\n<p class=\"has-text-align-center\">RECORRENTE: &#8211; COORDENA\u00c7\u00c3O DE AN\u00c1LISE TRIBUT\u00c1RIA<\/p>\n\n\n\n<p class=\"has-text-align-center\">RECORRIDO: K\u00c1TIA DE JESUS MOLEZON<\/p>\n\n\n\n<p class=\"has-text-align-center\">CONSELHEIRO\/RELATOR: &#8211; CARLOS MAURO NAYLOR<\/p>\n\n\n\n<p class=\"has-text-align-center\"><strong> PROCESSO: 030\/027436\/2019 <\/strong><\/p>\n\n\n\n<p class=\"has-text-align-center\">RECORRENTE: &#8211; COORDENA\u00c7\u00c3O DE AN\u00c1LISE TRIBUT\u00c1RIA<\/p>\n\n\n\n<p class=\"has-text-align-center\">RECORRIDO: MAX ANT\u00d4NIO DE S\u00c1<\/p>\n\n\n\n<p class=\"has-text-align-center\">CONSELHEIRO\/RELATOR: &#8211; LUIZ FELIPE CARREIRA<\/p>\n\n\n\n<p class=\"has-text-align-center\"><strong> PROCESSO: 030\/028593\/2019 <\/strong><\/p>\n\n\n\n<p class=\"has-text-align-center\">RECORRENTE: &#8211; COORDENA\u00c7\u00c3O DE AN\u00c1LISE TRIBUT\u00c1RIA<\/p>\n\n\n\n<p class=\"has-text-align-center\">RECORRIDO: REGINALDO NEVES PINTO<\/p>\n\n\n\n<p class=\"has-text-align-center\">CONSELHEIRO\/RELATOR: &#8211; LUIZ FELIPE CARREIRA<\/p>\n\n\n\n<p class=\"has-text-align-center\"><strong> PROCESSO: 030\/028539\/2019 <\/strong><\/p>\n\n\n\n<p class=\"has-text-align-center\">RECORRENTE: &#8211; COORDENA\u00c7\u00c3O DE AN\u00c1LISE TRIBUT\u00c1RIA<\/p>\n\n\n\n<p class=\"has-text-align-center\">RECORRIDO: EMERSON RUBENS S. MACHADO<\/p>\n\n\n\n<p class=\"has-text-align-center\">CONSELHEIRO\/RELATOR: &#8211; M\u00c1RCIO MATEUS DE MACEDO<\/p>\n\n\n\n<p class=\"has-text-align-center\">FCCN, EM 07 DE FEVEREIRO DE 2020<\/p>\n\n\n<p><!--EndFragment--><br \/><br \/><\/p>","protected":false},"excerpt":{"rendered":"<p>PREFEITURA MUNICIPAL DE NITER\u00d3ICONSELHO DE CONTRIBUINTES DO MUNIC\u00cdPIO DE NITER\u00d3I \u2013 FCCN REUNI\u00c3O PARA JULGAMENTOS DE RECURSOS, A SER REALIZADA NO DIA 12 DE FEVEREIRO DE 2020, COM IN\u00cdCIO \u00c0S [&hellip;]<\/p>\n","protected":false},"author":4,"featured_media":911,"comment_status":"closed","ping_status":"closed","sticky":false,"template":"","format":"standard","meta":{"_et_pb_use_builder":"off","_et_pb_old_content":"","_et_gb_content_width":"","_usar_header_alternativo":false,"footnotes":""},"categories":[126,132],"tags":[],"class_list":["post-8946","post","type-post","status-publish","format-standard","has-post-thumbnail","hentry","category-ccn","category-pautas","et-has-post-format-content","et_post_format-et-post-format-standard"],"_links":{"self":[{"href":"https:\/\/www.fazenda.niteroi.rj.gov.br\/site\/wp-json\/wp\/v2\/posts\/8946","targetHints":{"allow":["GET"]}}],"collection":[{"href":"https:\/\/www.fazenda.niteroi.rj.gov.br\/site\/wp-json\/wp\/v2\/posts"}],"about":[{"href":"https:\/\/www.fazenda.niteroi.rj.gov.br\/site\/wp-json\/wp\/v2\/types\/post"}],"author":[{"embeddable":true,"href":"https:\/\/www.fazenda.niteroi.rj.gov.br\/site\/wp-json\/wp\/v2\/users\/4"}],"replies":[{"embeddable":true,"href":"https:\/\/www.fazenda.niteroi.rj.gov.br\/site\/wp-json\/wp\/v2\/comments?post=8946"}],"version-history":[{"count":0,"href":"https:\/\/www.fazenda.niteroi.rj.gov.br\/site\/wp-json\/wp\/v2\/posts\/8946\/revisions"}],"wp:featuredmedia":[{"embeddable":true,"href":"https:\/\/www.fazenda.niteroi.rj.gov.br\/site\/wp-json\/wp\/v2\/media\/911"}],"wp:attachment":[{"href":"https:\/\/www.fazenda.niteroi.rj.gov.br\/site\/wp-json\/wp\/v2\/media?parent=8946"}],"wp:term":[{"taxonomy":"category","embeddable":true,"href":"https:\/\/www.fazenda.niteroi.rj.gov.br\/site\/wp-json\/wp\/v2\/categories?post=8946"},{"taxonomy":"post_tag","embeddable":true,"href":"https:\/\/www.fazenda.niteroi.rj.gov.br\/site\/wp-json\/wp\/v2\/tags?post=8946"}],"curies":[{"name":"wp","href":"https:\/\/api.w.org\/{rel}","templated":true}]}}