{"id":8970,"date":"2020-02-17T12:01:19","date_gmt":"2020-02-17T15:01:19","guid":{"rendered":"https:\/\/fazenda.niteroi.rj.gov.br\/site\/?p=8970"},"modified":"2020-02-17T12:01:22","modified_gmt":"2020-02-17T15:01:22","slug":"forum-nacional-de-secretarios-de-fazenda-e-financas-analisa-impactos-das-propostas-de-reforma-tributaria-para-os-municipios","status":"publish","type":"post","link":"https:\/\/www.fazenda.niteroi.rj.gov.br\/site\/forum-nacional-de-secretarios-de-fazenda-e-financas-analisa-impactos-das-propostas-de-reforma-tributaria-para-os-municipios\/","title":{"rendered":"F\u00f3rum Nacional de Secret\u00e1rios de Fazenda e Finan\u00e7as analisa impactos das propostas de reforma tribut\u00e1ria para os munic\u00edpios"},"content":{"rendered":"\n<p>Integrantes do F\u00f3rum Nacional de Secret\u00e1rios de Fazenda e Finan\u00e7as da Frente Nacional dos Prefeitos (FNP) se reuniram nesta ter\u00e7a-feira (11) na Secretaria de Fazenda de Niter\u00f3i. No encontro, preparat\u00f3rio para a reuni\u00e3o do F\u00f3rum Nacional, nos dias 10 e 11 de mar\u00e7o, em Florian\u00f3polis (SC), foi discutido o impacto das PECs (Propostas de Emenda \u00e0 Constitui\u00e7\u00e3o) 110 e 45, que alteram o sistema tribut\u00e1rio brasileiro, nos munic\u00edpios. A reforma tribut\u00e1ria em discuss\u00e3o atualmente no Congresso Nacional prop\u00f5e, entre outras coisas, a supress\u00e3o do Imposto Sobre Servi\u00e7os (ISS), que passaria a integrar o Imposto Sobre Bens e Servi\u00e7os (IBS).<\/p>\n\n\n\n<p>Na reuni\u00e3o, estudou-se o impacto da supress\u00e3o do ISS, que \u00e9 um imposto de compet\u00eancia exclusiva do munic\u00edpio, e foi proposto um plano de a\u00e7\u00e3o para que a Frente Nacional dos Prefeitos atue t\u00e9cnica e politicamente na discuss\u00e3o sobre a reforma, em especial na defesa das receitas municipais, com uma simplifica\u00e7\u00e3o dos impostos j\u00e1 existentes (ISS, ICMS, PIS\/Cofins, entre outros).<\/p>\n\n\n\n<p>\u201cO F\u00f3rum dos Secret\u00e1rios de Fazenda e Finan\u00e7as entende a necessidade de simplificar o sistema tribut\u00e1rio nacional, mas entende que o mais eficiente nesse momento \u00e9 efetuar uma reforma em que voc\u00ea simplifique os tributos j\u00e1 existentes\u201d, afirmou a Secret\u00e1ria de Fazenda de Niter\u00f3i e presidente do F\u00f3rum, Giovanna Victer.<\/p>\n\n\n\n<p>Participaram da reuni\u00e3o de hoje, al\u00e9m da secret\u00e1ria Giovanna Victer, o secret\u00e1rio de Fazenda de Aparecida de Goi\u00e2nia (GO) e vice-presidente do F\u00f3rum, Andr\u00e9 Luiz Ferreira; o secret\u00e1rio de Fazenda de Juiz de Fora, F\u00falvio Albertoni; Gilberto Perre, secret\u00e1rio executivo da Frente Nacional dos Prefeitos; representantes da Prefeitura de Ribeiro Preto (SP); e C\u00e1ssio Vieira, Alberto Macedo e F\u00e1bio Henrique de Macedo, da Associa\u00e7\u00e3o Nacional dos Auditores Fiscais de Tributos dos Munic\u00edpios e Distrito Federal (Anafisco).<\/p>\n\n\n\n<div class=\"wp-block-image\"><figure class=\"aligncenter size-large\"><img loading=\"lazy\" decoding=\"async\" width=\"600\" height=\"400\" src=\"https:\/\/fazenda.niteroi.rj.gov.br\/site\/wp-content\/uploads\/2020\/02\/20200211125411_IMG_0707-600x400.jpg\" alt=\"\" class=\"wp-image-8972\" srcset=\"https:\/\/www.fazenda.niteroi.rj.gov.br\/site\/wp-content\/uploads\/2020\/02\/20200211125411_IMG_0707-600x400.jpg 600w, https:\/\/www.fazenda.niteroi.rj.gov.br\/site\/wp-content\/uploads\/2020\/02\/20200211125411_IMG_0707-400x267.jpg 400w, https:\/\/www.fazenda.niteroi.rj.gov.br\/site\/wp-content\/uploads\/2020\/02\/20200211125411_IMG_0707-768x512.jpg 768w, https:\/\/www.fazenda.niteroi.rj.gov.br\/site\/wp-content\/uploads\/2020\/02\/20200211125411_IMG_0707-1536x1024.jpg 1536w, https:\/\/www.fazenda.niteroi.rj.gov.br\/site\/wp-content\/uploads\/2020\/02\/20200211125411_IMG_0707-1080x720.jpg 1080w, https:\/\/www.fazenda.niteroi.rj.gov.br\/site\/wp-content\/uploads\/2020\/02\/20200211125411_IMG_0707.jpg 1620w\" sizes=\"auto, (max-width: 600px) 100vw, 600px\" \/><figcaption> <strong><em>Foto: Luciana Carneiro<\/em><\/strong> <\/figcaption><\/figure><\/div>\n\n\n\n<div class=\"wp-block-image\"><figure class=\"aligncenter size-large\"><img loading=\"lazy\" decoding=\"async\" width=\"600\" height=\"400\" src=\"https:\/\/fazenda.niteroi.rj.gov.br\/site\/wp-content\/uploads\/2020\/02\/20200211125244_IMG_0688-600x400.jpg\" alt=\"\" class=\"wp-image-8971\" srcset=\"https:\/\/www.fazenda.niteroi.rj.gov.br\/site\/wp-content\/uploads\/2020\/02\/20200211125244_IMG_0688-600x400.jpg 600w, https:\/\/www.fazenda.niteroi.rj.gov.br\/site\/wp-content\/uploads\/2020\/02\/20200211125244_IMG_0688-400x267.jpg 400w, https:\/\/www.fazenda.niteroi.rj.gov.br\/site\/wp-content\/uploads\/2020\/02\/20200211125244_IMG_0688-768x512.jpg 768w, https:\/\/www.fazenda.niteroi.rj.gov.br\/site\/wp-content\/uploads\/2020\/02\/20200211125244_IMG_0688-1536x1024.jpg 1536w, https:\/\/www.fazenda.niteroi.rj.gov.br\/site\/wp-content\/uploads\/2020\/02\/20200211125244_IMG_0688-1080x720.jpg 1080w, https:\/\/www.fazenda.niteroi.rj.gov.br\/site\/wp-content\/uploads\/2020\/02\/20200211125244_IMG_0688.jpg 1620w\" sizes=\"auto, (max-width: 600px) 100vw, 600px\" \/><figcaption>  <strong><em>Foto: Luciana Carneiro<\/em><\/strong> <\/figcaption><\/figure><\/div>\n","protected":false},"excerpt":{"rendered":"<p>No encontro, preparat\u00f3rio para a reuni\u00e3o do F\u00f3rum Nacional, nos dias 10 e 11 de mar\u00e7o, em Florian\u00f3polis (SC), foi discutido o impacto das PECs (Propostas de Emenda \u00e0 Constitui\u00e7\u00e3o) 110 e 45, que alteram o sistema tribut\u00e1rio brasileiro, nos munic\u00edpios.<\/p>\n","protected":false},"author":3,"featured_media":911,"comment_status":"closed","ping_status":"closed","sticky":false,"template":"","format":"standard","meta":{"_et_pb_use_builder":"off","_et_pb_old_content":"","_et_gb_content_width":"","_usar_header_alternativo":false,"footnotes":""},"categories":[10],"tags":[],"class_list":["post-8970","post","type-post","status-publish","format-standard","has-post-thumbnail","hentry","category-noticias","et-has-post-format-content","et_post_format-et-post-format-standard"],"_links":{"self":[{"href":"https:\/\/www.fazenda.niteroi.rj.gov.br\/site\/wp-json\/wp\/v2\/posts\/8970","targetHints":{"allow":["GET"]}}],"collection":[{"href":"https:\/\/www.fazenda.niteroi.rj.gov.br\/site\/wp-json\/wp\/v2\/posts"}],"about":[{"href":"https:\/\/www.fazenda.niteroi.rj.gov.br\/site\/wp-json\/wp\/v2\/types\/post"}],"author":[{"embeddable":true,"href":"https:\/\/www.fazenda.niteroi.rj.gov.br\/site\/wp-json\/wp\/v2\/users\/3"}],"replies":[{"embeddable":true,"href":"https:\/\/www.fazenda.niteroi.rj.gov.br\/site\/wp-json\/wp\/v2\/comments?post=8970"}],"version-history":[{"count":0,"href":"https:\/\/www.fazenda.niteroi.rj.gov.br\/site\/wp-json\/wp\/v2\/posts\/8970\/revisions"}],"wp:featuredmedia":[{"embeddable":true,"href":"https:\/\/www.fazenda.niteroi.rj.gov.br\/site\/wp-json\/wp\/v2\/media\/911"}],"wp:attachment":[{"href":"https:\/\/www.fazenda.niteroi.rj.gov.br\/site\/wp-json\/wp\/v2\/media?parent=8970"}],"wp:term":[{"taxonomy":"category","embeddable":true,"href":"https:\/\/www.fazenda.niteroi.rj.gov.br\/site\/wp-json\/wp\/v2\/categories?post=8970"},{"taxonomy":"post_tag","embeddable":true,"href":"https:\/\/www.fazenda.niteroi.rj.gov.br\/site\/wp-json\/wp\/v2\/tags?post=8970"}],"curies":[{"name":"wp","href":"https:\/\/api.w.org\/{rel}","templated":true}]}}