{"id":9072,"date":"2020-03-04T10:49:31","date_gmt":"2020-03-04T13:49:31","guid":{"rendered":"https:\/\/fazenda.niteroi.rj.gov.br\/site\/?p=9072"},"modified":"2021-07-30T16:40:12","modified_gmt":"2021-07-30T19:40:12","slug":"resolucao-smf-43-2020","status":"publish","type":"post","link":"https:\/\/www.fazenda.niteroi.rj.gov.br\/site\/resolucao-smf-43-2020\/","title":{"rendered":"Resolu\u00e7\u00e3o SMF 43\/2020: Identidade Funcional"},"content":{"rendered":"\n<p>Considerando as atribui\u00e7\u00f5es administrativas exercidas pelos servidores vinculados \u00e0 Secretaria da Fazenda de Niter\u00f3i com base nas disposi\u00e7\u00f5es constantes das Leis 2.597\/2008 e 2.624\/2008 (C\u00f3digo Tribut\u00e1rio e C\u00f3digo de Posturas de Niter\u00f3i) e Decretos 3.992\/1983 e 3.993\/1983 (direitos e deveres dos Fiscais de Tributos e Fiscais de Posturas de Niter\u00f3i), aprova modelos do conjunto de identifica\u00e7\u00e3o funcional desses servidores.<\/p>\n\n\n\n<p><strong><a href=\"http:\/\/www.niteroi.rj.gov.br\/wp-content\/uploads\/do\/2020\/03_Mar\/04.pdf\">Publicado no Di\u00e1rio Oficial de 04 de mar\u00e7o de 2020<\/a><\/strong><\/p>\n","protected":false},"excerpt":{"rendered":"<p>Aprova modelos do conjunto de identifica\u00e7\u00e3o funcional dos Fiscais de Tributos e Fiscais de Posturas vinculados \u00e0 Secretaria da Fazenda de Niter\u00f3i.<\/p>\n","protected":false},"author":1,"featured_media":911,"comment_status":"closed","ping_status":"closed","sticky":false,"template":"","format":"standard","meta":{"_et_pb_use_builder":"off","_et_pb_old_content":"","_et_gb_content_width":"","_usar_header_alternativo":false,"footnotes":""},"categories":[117],"tags":[408,102,409,37],"class_list":["post-9072","post","type-post","status-publish","format-standard","has-post-thumbnail","hentry","category-resolucoes","tag-fiscais-de-posturas","tag-fiscais-de-tributos","tag-identidade-funcional","tag-posturas","et-has-post-format-content","et_post_format-et-post-format-standard"],"_links":{"self":[{"href":"https:\/\/www.fazenda.niteroi.rj.gov.br\/site\/wp-json\/wp\/v2\/posts\/9072","targetHints":{"allow":["GET"]}}],"collection":[{"href":"https:\/\/www.fazenda.niteroi.rj.gov.br\/site\/wp-json\/wp\/v2\/posts"}],"about":[{"href":"https:\/\/www.fazenda.niteroi.rj.gov.br\/site\/wp-json\/wp\/v2\/types\/post"}],"author":[{"embeddable":true,"href":"https:\/\/www.fazenda.niteroi.rj.gov.br\/site\/wp-json\/wp\/v2\/users\/1"}],"replies":[{"embeddable":true,"href":"https:\/\/www.fazenda.niteroi.rj.gov.br\/site\/wp-json\/wp\/v2\/comments?post=9072"}],"version-history":[{"count":0,"href":"https:\/\/www.fazenda.niteroi.rj.gov.br\/site\/wp-json\/wp\/v2\/posts\/9072\/revisions"}],"wp:featuredmedia":[{"embeddable":true,"href":"https:\/\/www.fazenda.niteroi.rj.gov.br\/site\/wp-json\/wp\/v2\/media\/911"}],"wp:attachment":[{"href":"https:\/\/www.fazenda.niteroi.rj.gov.br\/site\/wp-json\/wp\/v2\/media?parent=9072"}],"wp:term":[{"taxonomy":"category","embeddable":true,"href":"https:\/\/www.fazenda.niteroi.rj.gov.br\/site\/wp-json\/wp\/v2\/categories?post=9072"},{"taxonomy":"post_tag","embeddable":true,"href":"https:\/\/www.fazenda.niteroi.rj.gov.br\/site\/wp-json\/wp\/v2\/tags?post=9072"}],"curies":[{"name":"wp","href":"https:\/\/api.w.org\/{rel}","templated":true}]}}