{"id":9086,"date":"2020-03-09T11:15:56","date_gmt":"2020-03-09T14:15:56","guid":{"rendered":"https:\/\/fazenda.niteroi.rj.gov.br\/site\/?p=9086"},"modified":"2020-03-09T11:15:57","modified_gmt":"2020-03-09T14:15:57","slug":"secretaria-de-fazenda-promove-campanha-de-prevencao-ao-assedio-sexual","status":"publish","type":"post","link":"https:\/\/www.fazenda.niteroi.rj.gov.br\/site\/secretaria-de-fazenda-promove-campanha-de-prevencao-ao-assedio-sexual\/","title":{"rendered":"Secretaria de Fazenda promove campanha de preven\u00e7\u00e3o ao ass\u00e9dio sexual"},"content":{"rendered":"\n<p>A Secretaria Municipal de Fazenda promoveu nesta sexta-feira, dia 6, uma a\u00e7\u00e3o em comemora\u00e7\u00e3o ao Dia Internacional da Mulher. Com o tema \u201cAss\u00e9dio N\u00e3o, #JuntosContraOAss\u00e9dio\u201d, a campanha pretende, usando uma linguagem simples e direta, levantar a reflex\u00e3o sobre o tema abuso sexual no ambiente de trabalho, trazer conceitos, exemplos, diferen\u00e7as entre atos de gest\u00e3o e ass\u00e9dio, como prevenir e a quem recorrer, entre outras informa\u00e7\u00f5es \u00fateis para a preven\u00e7\u00e3o dessa pr\u00e1tica abusiva.<\/p>\n\n\n\n<p>A campanha conta com cartazes, com declara\u00e7\u00f5es de funcion\u00e1rios, inclusive de homens, bottons e camisetas divulgando qual ser\u00e1 o protocolo a ser cumprido em caso de ass\u00e9dio. A inten\u00e7\u00e3o \u00e9 conscientizar os servidores e contribuintes sobre a import\u00e2ncia de manter um ambiente de trabalho saud\u00e1vel na administra\u00e7\u00e3o p\u00fablica, al\u00e9m de ressaltar que, para os funcion\u00e1rios p\u00fablicos, o ass\u00e9dio sexual al\u00e9m de ser crime tamb\u00e9m \u00e9 uma infra\u00e7\u00e3o administrativa. Foi criado tamb\u00e9m um protocolo de a\u00e7\u00e3o para orientar funcion\u00e1rias que sofram algum tipo de ass\u00e9dio nas depend\u00eancias da Secretaria.<\/p>\n\n\n\n<p>\u201cA pr\u00e1tica do ass\u00e9dio sexual deteriora o ambiente de trabalho, que deve proporcionar, antes de tudo, respeito \u00e0 dignidade humana. A constru\u00e7\u00e3o desse ambiente de trabalho saud\u00e1vel \u00e9 de responsabilidade de todos. Os gestores s\u00e3o particularmente respons\u00e1veis por monitorar o ambiente de trabalho e prevenir situa\u00e7\u00f5es constrangedoras para as pessoas que ali trabalham\u201d, afirmou a secret\u00e1ria Giovanna Victer.<\/p>\n\n\n\n<div class=\"wp-block-image\"><figure class=\"aligncenter size-large\"><img loading=\"lazy\" decoding=\"async\" width=\"600\" height=\"397\" src=\"https:\/\/fazenda.niteroi.rj.gov.br\/site\/wp-content\/uploads\/2020\/03\/BEA0636-600x397.jpg\" alt=\"\" class=\"wp-image-9087\" srcset=\"https:\/\/www.fazenda.niteroi.rj.gov.br\/site\/wp-content\/uploads\/2020\/03\/BEA0636-600x397.jpg 600w, https:\/\/www.fazenda.niteroi.rj.gov.br\/site\/wp-content\/uploads\/2020\/03\/BEA0636-400x265.jpg 400w, https:\/\/www.fazenda.niteroi.rj.gov.br\/site\/wp-content\/uploads\/2020\/03\/BEA0636-768x509.jpg 768w, https:\/\/www.fazenda.niteroi.rj.gov.br\/site\/wp-content\/uploads\/2020\/03\/BEA0636-1536x1017.jpg 1536w, https:\/\/www.fazenda.niteroi.rj.gov.br\/site\/wp-content\/uploads\/2020\/03\/BEA0636-1080x715.jpg 1080w, https:\/\/www.fazenda.niteroi.rj.gov.br\/site\/wp-content\/uploads\/2020\/03\/BEA0636.jpg 1631w\" sizes=\"auto, (max-width: 600px) 100vw, 600px\" \/><figcaption>Fotos: Bruno Eduardo Alves<\/figcaption><\/figure><\/div>\n","protected":false},"excerpt":{"rendered":"<p>Ass\u00e9dio N\u00e3o, #JuntosContraOAss\u00e9dio <\/p>\n","protected":false},"author":3,"featured_media":9087,"comment_status":"closed","ping_status":"closed","sticky":false,"template":"","format":"standard","meta":{"_et_pb_use_builder":"off","_et_pb_old_content":"","_et_gb_content_width":"","_usar_header_alternativo":false,"footnotes":""},"categories":[10],"tags":[410,411],"class_list":["post-9086","post","type-post","status-publish","format-standard","has-post-thumbnail","hentry","category-noticias","tag-assedio-nao","tag-dia-da-mulher","et-has-post-format-content","et_post_format-et-post-format-standard"],"_links":{"self":[{"href":"https:\/\/www.fazenda.niteroi.rj.gov.br\/site\/wp-json\/wp\/v2\/posts\/9086","targetHints":{"allow":["GET"]}}],"collection":[{"href":"https:\/\/www.fazenda.niteroi.rj.gov.br\/site\/wp-json\/wp\/v2\/posts"}],"about":[{"href":"https:\/\/www.fazenda.niteroi.rj.gov.br\/site\/wp-json\/wp\/v2\/types\/post"}],"author":[{"embeddable":true,"href":"https:\/\/www.fazenda.niteroi.rj.gov.br\/site\/wp-json\/wp\/v2\/users\/3"}],"replies":[{"embeddable":true,"href":"https:\/\/www.fazenda.niteroi.rj.gov.br\/site\/wp-json\/wp\/v2\/comments?post=9086"}],"version-history":[{"count":0,"href":"https:\/\/www.fazenda.niteroi.rj.gov.br\/site\/wp-json\/wp\/v2\/posts\/9086\/revisions"}],"wp:featuredmedia":[{"embeddable":true,"href":"https:\/\/www.fazenda.niteroi.rj.gov.br\/site\/wp-json\/wp\/v2\/media\/9087"}],"wp:attachment":[{"href":"https:\/\/www.fazenda.niteroi.rj.gov.br\/site\/wp-json\/wp\/v2\/media?parent=9086"}],"wp:term":[{"taxonomy":"category","embeddable":true,"href":"https:\/\/www.fazenda.niteroi.rj.gov.br\/site\/wp-json\/wp\/v2\/categories?post=9086"},{"taxonomy":"post_tag","embeddable":true,"href":"https:\/\/www.fazenda.niteroi.rj.gov.br\/site\/wp-json\/wp\/v2\/tags?post=9086"}],"curies":[{"name":"wp","href":"https:\/\/api.w.org\/{rel}","templated":true}]}}