{"id":9153,"date":"2020-03-25T23:40:29","date_gmt":"2020-03-26T02:40:29","guid":{"rendered":"https:\/\/fazenda.niteroi.rj.gov.br\/site\/?p=9153"},"modified":"2025-05-13T16:36:58","modified_gmt":"2025-05-13T19:36:58","slug":"em-parceria-com-bancos-prefeitura-de-niteroi-anuncia-credito-a-juro-zero-para-micro-e-pequenas-empresas","status":"publish","type":"post","link":"https:\/\/www.fazenda.niteroi.rj.gov.br\/site\/em-parceria-com-bancos-prefeitura-de-niteroi-anuncia-credito-a-juro-zero-para-micro-e-pequenas-empresas\/","title":{"rendered":"Em parceria com bancos, Prefeitura de Niter\u00f3i anuncia cr\u00e9dito a juro zero para micro e pequenas empresas"},"content":{"rendered":"\n<h2 class=\"wp-block-heading\">A\u00e7\u00f5es tem como objetivo reduzir impactos econ\u00f4micos da pandemia. Tamb\u00e9m foi anunciado o arrendamento de dois hot\u00e9is para popula\u00e7\u00e3o de rua<\/h2>\n\n\n\n<hr class=\"wp-block-separator has-css-opacity is-style-dots\"\/>\n\n\n\n<p><strong><span style=\"text-decoration: underline;\">ATUALIZA\u00c7\u00c3O<\/span>: O Fundo de Cr\u00e9dito Emergencial foi institu\u00eddo pela Lei 3481\/2020 e o Programa Empresa Cidad\u00e3 foi institu\u00eddo pela Lei 3482\/2020, ambas publicadas no <a href=\"http:\/\/www.niteroi.rj.gov.br\/downloads\/do\/2020\/04_Abr\/03.pdf\">Di\u00e1rio Oficial de 03\/04\/2020<\/a>.<br>Acompanhe a <a href=\"https:\/\/www.facebook.com\/FazendaNit\/\">p\u00e1gina da Secretaria da Fazenda de Niter\u00f3i no Facebook<\/a> para novidades!<\/strong><\/p>\n\n\n\n<hr class=\"wp-block-separator has-css-opacity is-style-dots\"\/>\n\n\n\n<p><strong>25\/03\/2020<\/strong> &#8211; A Prefeitura de Niter\u00f3i vai investir R$ 150 milh\u00f5es em medidas que visam a minimizar os impactos econ\u00f4micos na cidade e tem como foco micro e pequenas empresas. As a\u00e7\u00f5es integram o Plano de Mitiga\u00e7\u00e3o dos Impactos Econ\u00f4micos e Sociais durante o per\u00edodo de isolamento social para conten\u00e7\u00e3o do coronav\u00edrus e foram anunciadas na noite desta quarta-feira (25), pelo prefeito Rodrigo Neves, por meio de v\u00eddeo ao vivo nas redes sociais com a participa\u00e7\u00e3o online dos 21 vereadores da cidade.<\/p>\n\n\n\n<p>A primeira medida consiste em desenvolver uma parceria com o setor financeiro para viabilizar cr\u00e9dito de R$ 50 mil, R$ 100 mil, R$ 150 mil e R$ 200 mil para as pequenas e m\u00e9dias empresas sediadas em Niter\u00f3i terem capital de giro.<\/p>\n\n\n\n<p>\u201cVamos investir R$ 150 milh\u00f5es na parceria com o segmento banc\u00e1rio a juros zerados, porque as pequenas e m\u00e9dias empresas correm o risco de quebrar, sobretudo diante da possibilidade de um ciclo de epidemia mais extenso do coronav\u00edrus, e n\u00f3s vamos apoiar aquelas empresas que mantiverem o emprego dos niteroienses. Assim, elas poder\u00e3o retomar as suas atividades quando terminar a quarentena, cujo teto, inicialmente, para n\u00f3s, \u00e9 o dia 10 de abril\u201d, explicou Neves.<\/p>\n\n\n\n<p>Outra medida ser\u00e1 o apoio \u00e0s empresas cidad\u00e3s, aquelas que acordarem em n\u00e3o demitir seus funcion\u00e1rios pelo per\u00edodo de seis meses, sobretudo nos setores de com\u00e9rcio e servi\u00e7o. Esse projeto significa que a Prefeitura vai apoiar empresas pequenas, com at\u00e9 19 funcion\u00e1rios, e vai pagar um sal\u00e1rio m\u00ednimo para at\u00e9 nove funcion\u00e1rios durante tr\u00eas meses.<\/p>\n\n\n\n<p>\u201cS\u00e3o medias muito fortes, que eu tenho certeza que v\u00e3o permitir que as nossas empresas fiquem de p\u00e9, porque n\u00e3o h\u00e1 contradi\u00e7\u00e3o entre salvar vidas e salvar a nossa economia. Al\u00e9m de salvar vidas, nossa preocupa\u00e7\u00e3o \u00e9 manter a nossa economia viva, de forma que possa haver uma recupera\u00e7\u00e3o de forma mais r\u00e1pida. Vamos encaminhar estas mensagens \u00e0 C\u00e2mara de Vereadores\u201d, disse Rodrigo Neves.<\/p>\n\n\n\n<p>A secret\u00e1ria municipal de Fazenda, Giovanna Victer, ressaltou que a expectativa com essas medidas \u00e9 que cerca de 10 mil postos de trabalho sejam preservados. Ela ressaltou ainda que a C\u00e2mara de Vereadores aprovou o projeto de lei do aux\u00edlio de R$ 500, por tr\u00eas meses, e que a partir desta quinta-feira (26), todos os MEIs poder\u00e3o acessar <a href=\"https:\/\/www.fazenda.niteroi.rj.gov.br\/alvara\/mei.php\">este link no site da Secretaria Municipal de Fazenda<\/a>, colocando ali o seu CNPJ ou seu CPF e solicitar o aux\u00edlio.<\/p>\n\n\n\n<p>Atualmente, a cidade tem cerca de 7 mil microempreendedores individuais com inscri\u00e7\u00f5es ativas no cadastro da Secretaria Municipal de Fazenda de Niter\u00f3i. O auxilio ser\u00e1 pago para aqueles que residam no munic\u00edpio e que obtiveram sua inscri\u00e7\u00e3o at\u00e9  1\u00ba de mar\u00e7o de 2020.<\/p>\n\n\n\n<p>Durante o v\u00eddeo, o prefeito anunciou ainda que os vereadores apresentaram uma medida que pretende atender os taxistas da cidade, reconhecendo a dificuldade de uma categoria que \u00e9 importante para Niter\u00f3i. A proposta \u00e9 que no m\u00eas de abril os profissionais receberam um sal\u00e1rio m\u00ednimo.<\/p>\n\n\n\n<p><strong>Arrendamento de hot\u00e9is<\/strong> &#8211; O secret\u00e1rio municipal de Planejamento, Or\u00e7amento e Moderniza\u00e7\u00e3o da Gest\u00e3o (Seplag), Axel Grael, que tamb\u00e9m participou do v\u00eddeo foi o respons\u00e1vel por anunciar outra a\u00e7\u00e3o: o Munic\u00edpio vai arrendar dois hot\u00e9is, no Centro, para abrigar a popula\u00e7\u00e3o de rua.<\/p>\n\n\n\n<p>\u201cAl\u00e9m das vagas nos nossos abrigos, com esta iniciativa vamos ampliar a capacidade de acolher estas pessoas em mais 150 vagas nesses hot\u00e9is. Como secret\u00e1rio de Planejamento, estou organizando para que a gente tenha or\u00e7amento para atender a todas essas medidas, olhando tamb\u00e9m para essas fam\u00edlias onde muitas vezes s\u00e3o de trabalhadores informais e que est\u00e3o enfrentando dificuldade\u201d, disse.  <\/p>\n\n\n\n<p>O prefeito Rodrigo Neves tamb\u00e9m fez um apelo para que as pessoas continuem cumprindo o isolamento social e salientou a import\u00e2ncia desta a\u00e7\u00e3o para conter o avan\u00e7o do v\u00edrus na cidade.<\/p>\n\n\n\n<p>\u201cN\u00f3s estamos fazendo tudo com base cient\u00edfica, t\u00e9cnica, ouvindo as organiza\u00e7\u00f5es internacionais de sa\u00fade, os melhores especialistas do pa\u00eds e n\u00f3s estamos, n\u00e3o vencendo essa batalha, mas com uma performance melhor que outras cidades que, infelizmente, j\u00e1 est\u00e3o sofrendo com o crescimento exponencial da epidemia e com a sobrecarga da rede p\u00fablica de sa\u00fade\u201d, pontuou.<\/p>\n\n\n\n<p>Rodrigo Neves antecipou tamb\u00e9m que, durante os pr\u00f3ximos dez dias, far\u00e1 a sanitiza\u00e7\u00e3o nas principais ruas e comunidades da cidade. Nesta quinta-feira (26), ser\u00e1 a vez do Morro do Estado. E, a partir da pr\u00f3xima segunda-feira, ser\u00e1 feita a distribui\u00e7\u00e3o, atrav\u00e9s do programa M\u00e9dico de Fam\u00edlia, de 80 mil kits de limpeza e higiene.<\/p>\n","protected":false},"excerpt":{"rendered":"<p>A\u00e7\u00f5es tem como objetivo reduzir impactos econ\u00f4micos da pandemia. Tamb\u00e9m foi anunciado o arrendamento de dois hot\u00e9is para popula\u00e7\u00e3o de rua<\/p>\n","protected":false},"author":1,"featured_media":9154,"comment_status":"closed","ping_status":"closed","sticky":false,"template":"","format":"standard","meta":{"_et_pb_use_builder":"off","_et_pb_old_content":"","_et_gb_content_width":"","_usar_header_alternativo":false,"footnotes":""},"categories":[10],"tags":[420,415,414],"class_list":["post-9153","post","type-post","status-publish","format-standard","has-post-thumbnail","hentry","category-noticias","tag-auxilio-financeiro","tag-coronavirus","tag-covid-19","et-has-post-format-content","et_post_format-et-post-format-standard"],"_links":{"self":[{"href":"https:\/\/www.fazenda.niteroi.rj.gov.br\/site\/wp-json\/wp\/v2\/posts\/9153","targetHints":{"allow":["GET"]}}],"collection":[{"href":"https:\/\/www.fazenda.niteroi.rj.gov.br\/site\/wp-json\/wp\/v2\/posts"}],"about":[{"href":"https:\/\/www.fazenda.niteroi.rj.gov.br\/site\/wp-json\/wp\/v2\/types\/post"}],"author":[{"embeddable":true,"href":"https:\/\/www.fazenda.niteroi.rj.gov.br\/site\/wp-json\/wp\/v2\/users\/1"}],"replies":[{"embeddable":true,"href":"https:\/\/www.fazenda.niteroi.rj.gov.br\/site\/wp-json\/wp\/v2\/comments?post=9153"}],"version-history":[{"count":1,"href":"https:\/\/www.fazenda.niteroi.rj.gov.br\/site\/wp-json\/wp\/v2\/posts\/9153\/revisions"}],"predecessor-version":[{"id":31763,"href":"https:\/\/www.fazenda.niteroi.rj.gov.br\/site\/wp-json\/wp\/v2\/posts\/9153\/revisions\/31763"}],"wp:featuredmedia":[{"embeddable":true,"href":"https:\/\/www.fazenda.niteroi.rj.gov.br\/site\/wp-json\/wp\/v2\/media\/9154"}],"wp:attachment":[{"href":"https:\/\/www.fazenda.niteroi.rj.gov.br\/site\/wp-json\/wp\/v2\/media?parent=9153"}],"wp:term":[{"taxonomy":"category","embeddable":true,"href":"https:\/\/www.fazenda.niteroi.rj.gov.br\/site\/wp-json\/wp\/v2\/categories?post=9153"},{"taxonomy":"post_tag","embeddable":true,"href":"https:\/\/www.fazenda.niteroi.rj.gov.br\/site\/wp-json\/wp\/v2\/tags?post=9153"}],"curies":[{"name":"wp","href":"https:\/\/api.w.org\/{rel}","templated":true}]}}