{"id":9445,"date":"2020-04-13T13:49:00","date_gmt":"2020-04-13T16:49:00","guid":{"rendered":"https:\/\/fazenda.niteroi.rj.gov.br\/site\/?p=9445"},"modified":"2020-04-16T14:18:20","modified_gmt":"2020-04-16T17:18:20","slug":"entrega-dos-cartoes-aos-meis-vai-ate-sabado-18-04","status":"publish","type":"post","link":"https:\/\/www.fazenda.niteroi.rj.gov.br\/site\/entrega-dos-cartoes-aos-meis-vai-ate-sabado-18-04\/","title":{"rendered":"Entrega dos cart\u00f5es aos MEIs acontece essa semana"},"content":{"rendered":"\n<p><strong>15\/04\/2020 &#8211;<\/strong> Come\u00e7ou nesta segunda (13\/04), entrega dos cart\u00f5es para o pagamento do aux\u00edlio de R$ 500, por tr\u00eas meses, aos Microempreendedores Individuais em situa\u00e7\u00e3o regular e que se cadastraram para requerer o benef\u00edcio. Os cart\u00f5es est\u00e3o sendo entregues por ordem alfab\u00e9tica at\u00e9 o dia 17 (sexta-feira), para evitar a aglomera\u00e7\u00e3o de pessoas no local da retirada. Neste primeiro dia, foram entregues 1.092 cart\u00f5es.<\/p>\n\n\n\n<p>A Secretaria Municipal de Fazenda esclarece que, no dia da entrega, os cart\u00f5es ainda n\u00e3o estar\u00e3o carregados com o valor do benef\u00edcio. O valor referente ao m\u00eas de abril ser\u00e1 creditado no dia 24 de abril. Os demais pagamentos ser\u00e3o feitos em 24 de maio e 24 de junho.<\/p>\n\n\n\n<p>\u201cEsse aux\u00edlio ser\u00e1 importante para as pessoas que dependem do seu trabalho para arcar com as despesas do dia-a-dia. Os cart\u00f5es de compra ser\u00e3o todos distribu\u00eddos ao longo da semana, em locais previamente marcados, de forma organizada e principalmente muito segura para todos\u201d, explicou a secret\u00e1ria municipal de Fazenda, Giovanna Victer.<\/p>\n\n\n\n<p>Para consultar data, hor\u00e1rio e local de retirada, basta fazer a consulta&nbsp;<a href=\"https:\/\/fazenda.niteroi.rj.gov.br\/site\/beneficio-mei-consulta-cronograma-entrega\/\">aqui<\/a>. Na mesma p\u00e1gina, \u00e9 poss\u00edvel imprimir a declara\u00e7\u00e3o de recebimento do cart\u00e3o. Ela deve ser preenchida, assinada pelo benefici\u00e1rio e entregue no guich\u00ea durante o atendimento. Dessa forma, n\u00e3o ser\u00e1 preciso manipular canetas para assinatura do documento na hora, o que reduz os riscos de contamina\u00e7\u00e3o. Al\u00e9m da declara\u00e7\u00e3o, ser\u00e1 preciso levar original e c\u00f3pia do documento de identidade com foto.<\/p>\n\n\n\n<p>Alex Sandro Silva, de 41 anos, que trabalha com Comunica\u00e7\u00e3o Visual, mora no Largo da Batalha com a esposa e dois filhos. Para ele, o aux\u00edlio vai ser muito importante para ajudar com as compras do m\u00eas.<\/p>\n\n\n\n<p>\u201cO mercado est\u00e1 parado. Hoje a gente n\u00e3o est\u00e1 produzindo absolutamente nada. Esse valor vai ajudar e muito com as compras do m\u00eas, a garantir o leite da crian\u00e7a\u201d, afirmou.&nbsp;&nbsp;<\/p>\n\n\n\n<figure class=\"wp-block-gallery columns-3 is-cropped wp-block-gallery-1 is-layout-flex wp-block-gallery-is-layout-flex\"><ul class=\"blocks-gallery-grid\"><li class=\"blocks-gallery-item\"><figure><img loading=\"lazy\" decoding=\"async\" width=\"600\" height=\"400\" src=\"https:\/\/fazenda.niteroi.rj.gov.br\/site\/wp-content\/uploads\/2020\/04\/WhatsApp-Image-2020-04-15-at-13.10.16-600x400.jpeg\" alt=\"\" data-id=\"9448\" data-full-url=\"https:\/\/fazenda.niteroi.rj.gov.br\/site\/wp-content\/uploads\/2020\/04\/WhatsApp-Image-2020-04-15-at-13.10.16.jpeg\" data-link=\"https:\/\/fazenda.niteroi.rj.gov.br\/site\/?attachment_id=9448\" class=\"wp-image-9448\" srcset=\"https:\/\/www.fazenda.niteroi.rj.gov.br\/site\/wp-content\/uploads\/2020\/04\/WhatsApp-Image-2020-04-15-at-13.10.16-600x400.jpeg 600w, https:\/\/www.fazenda.niteroi.rj.gov.br\/site\/wp-content\/uploads\/2020\/04\/WhatsApp-Image-2020-04-15-at-13.10.16-400x267.jpeg 400w, https:\/\/www.fazenda.niteroi.rj.gov.br\/site\/wp-content\/uploads\/2020\/04\/WhatsApp-Image-2020-04-15-at-13.10.16-768x512.jpeg 768w, https:\/\/www.fazenda.niteroi.rj.gov.br\/site\/wp-content\/uploads\/2020\/04\/WhatsApp-Image-2020-04-15-at-13.10.16-1080x720.jpeg 1080w, https:\/\/www.fazenda.niteroi.rj.gov.br\/site\/wp-content\/uploads\/2020\/04\/WhatsApp-Image-2020-04-15-at-13.10.16.jpeg 1280w\" sizes=\"auto, (max-width: 600px) 100vw, 600px\" \/><\/figure><\/li><li class=\"blocks-gallery-item\"><figure><img loading=\"lazy\" decoding=\"async\" width=\"600\" height=\"400\" src=\"https:\/\/fazenda.niteroi.rj.gov.br\/site\/wp-content\/uploads\/2020\/04\/WhatsApp-Image-2020-04-15-at-13.10.15-2-600x400.jpeg\" alt=\"\" data-id=\"9449\" data-full-url=\"https:\/\/fazenda.niteroi.rj.gov.br\/site\/wp-content\/uploads\/2020\/04\/WhatsApp-Image-2020-04-15-at-13.10.15-2.jpeg\" data-link=\"https:\/\/fazenda.niteroi.rj.gov.br\/site\/?attachment_id=9449\" class=\"wp-image-9449\" srcset=\"https:\/\/www.fazenda.niteroi.rj.gov.br\/site\/wp-content\/uploads\/2020\/04\/WhatsApp-Image-2020-04-15-at-13.10.15-2-600x400.jpeg 600w, https:\/\/www.fazenda.niteroi.rj.gov.br\/site\/wp-content\/uploads\/2020\/04\/WhatsApp-Image-2020-04-15-at-13.10.15-2-400x267.jpeg 400w, https:\/\/www.fazenda.niteroi.rj.gov.br\/site\/wp-content\/uploads\/2020\/04\/WhatsApp-Image-2020-04-15-at-13.10.15-2-768x512.jpeg 768w, https:\/\/www.fazenda.niteroi.rj.gov.br\/site\/wp-content\/uploads\/2020\/04\/WhatsApp-Image-2020-04-15-at-13.10.15-2-1080x720.jpeg 1080w, https:\/\/www.fazenda.niteroi.rj.gov.br\/site\/wp-content\/uploads\/2020\/04\/WhatsApp-Image-2020-04-15-at-13.10.15-2.jpeg 1280w\" sizes=\"auto, (max-width: 600px) 100vw, 600px\" \/><\/figure><\/li><li class=\"blocks-gallery-item\"><figure><img loading=\"lazy\" decoding=\"async\" width=\"600\" height=\"400\" src=\"https:\/\/fazenda.niteroi.rj.gov.br\/site\/wp-content\/uploads\/2020\/04\/WhatsApp-Image-2020-04-15-at-13.10.15-1-600x400.jpeg\" alt=\"\" data-id=\"9450\" data-full-url=\"https:\/\/fazenda.niteroi.rj.gov.br\/site\/wp-content\/uploads\/2020\/04\/WhatsApp-Image-2020-04-15-at-13.10.15-1.jpeg\" data-link=\"https:\/\/fazenda.niteroi.rj.gov.br\/site\/?attachment_id=9450\" class=\"wp-image-9450\" srcset=\"https:\/\/www.fazenda.niteroi.rj.gov.br\/site\/wp-content\/uploads\/2020\/04\/WhatsApp-Image-2020-04-15-at-13.10.15-1-600x400.jpeg 600w, https:\/\/www.fazenda.niteroi.rj.gov.br\/site\/wp-content\/uploads\/2020\/04\/WhatsApp-Image-2020-04-15-at-13.10.15-1-400x267.jpeg 400w, https:\/\/www.fazenda.niteroi.rj.gov.br\/site\/wp-content\/uploads\/2020\/04\/WhatsApp-Image-2020-04-15-at-13.10.15-1-768x512.jpeg 768w, https:\/\/www.fazenda.niteroi.rj.gov.br\/site\/wp-content\/uploads\/2020\/04\/WhatsApp-Image-2020-04-15-at-13.10.15-1-1080x720.jpeg 1080w, https:\/\/www.fazenda.niteroi.rj.gov.br\/site\/wp-content\/uploads\/2020\/04\/WhatsApp-Image-2020-04-15-at-13.10.15-1.jpeg 1280w\" sizes=\"auto, (max-width: 600px) 100vw, 600px\" \/><\/figure><\/li><li class=\"blocks-gallery-item\"><figure><img loading=\"lazy\" decoding=\"async\" width=\"600\" height=\"379\" src=\"https:\/\/fazenda.niteroi.rj.gov.br\/site\/wp-content\/uploads\/2020\/04\/WhatsApp-Image-2020-04-15-at-13.10.15-600x379.jpeg\" alt=\"\" data-id=\"9451\" data-full-url=\"https:\/\/fazenda.niteroi.rj.gov.br\/site\/wp-content\/uploads\/2020\/04\/WhatsApp-Image-2020-04-15-at-13.10.15.jpeg\" data-link=\"https:\/\/fazenda.niteroi.rj.gov.br\/site\/?attachment_id=9451\" class=\"wp-image-9451\" srcset=\"https:\/\/www.fazenda.niteroi.rj.gov.br\/site\/wp-content\/uploads\/2020\/04\/WhatsApp-Image-2020-04-15-at-13.10.15-600x379.jpeg 600w, https:\/\/www.fazenda.niteroi.rj.gov.br\/site\/wp-content\/uploads\/2020\/04\/WhatsApp-Image-2020-04-15-at-13.10.15-400x253.jpeg 400w, https:\/\/www.fazenda.niteroi.rj.gov.br\/site\/wp-content\/uploads\/2020\/04\/WhatsApp-Image-2020-04-15-at-13.10.15-768x485.jpeg 768w, https:\/\/www.fazenda.niteroi.rj.gov.br\/site\/wp-content\/uploads\/2020\/04\/WhatsApp-Image-2020-04-15-at-13.10.15-1080x682.jpeg 1080w, https:\/\/www.fazenda.niteroi.rj.gov.br\/site\/wp-content\/uploads\/2020\/04\/WhatsApp-Image-2020-04-15-at-13.10.15.jpeg 1280w\" sizes=\"auto, (max-width: 600px) 100vw, 600px\" \/><\/figure><\/li><\/ul><figcaption class=\"blocks-gallery-caption\">Entrega dos cart\u00f5es pela Prefeitura acontece de 13 a 18\/04 no Teatro Popular.<\/figcaption><\/figure>\n\n\n\n<p>Perdeu o seu dia de entrega do cart\u00e3o pr\u00e9-pago? Compare\u00e7a Teatro Popular Oscar Niemeyer &#8211; Caminho Niemeyer, situado na Rua Jornalista Rog\u00e9rio Coelho Neto, das <strong>10 \u00e0s 13h, no pr\u00f3ximo s\u00e1bado, dia 18 de abril<\/strong>.<\/p>\n","protected":false},"excerpt":{"rendered":"<p>O valor referente ao m\u00eas de abril ser\u00e1 creditado no dia 24 de abril. <\/p>\n","protected":false},"author":18,"featured_media":911,"comment_status":"closed","ping_status":"closed","sticky":false,"template":"","format":"standard","meta":{"_et_pb_use_builder":"off","_et_pb_old_content":"","_et_gb_content_width":"","_usar_header_alternativo":false,"footnotes":""},"categories":[10],"tags":[425,424,415,91],"class_list":["post-9445","post","type-post","status-publish","format-standard","has-post-thumbnail","hentry","category-noticias","tag-alelo","tag-cartao-pre-pago","tag-coronavirus","tag-mei","et-has-post-format-content","et_post_format-et-post-format-standard"],"_links":{"self":[{"href":"https:\/\/www.fazenda.niteroi.rj.gov.br\/site\/wp-json\/wp\/v2\/posts\/9445","targetHints":{"allow":["GET"]}}],"collection":[{"href":"https:\/\/www.fazenda.niteroi.rj.gov.br\/site\/wp-json\/wp\/v2\/posts"}],"about":[{"href":"https:\/\/www.fazenda.niteroi.rj.gov.br\/site\/wp-json\/wp\/v2\/types\/post"}],"author":[{"embeddable":true,"href":"https:\/\/www.fazenda.niteroi.rj.gov.br\/site\/wp-json\/wp\/v2\/users\/18"}],"replies":[{"embeddable":true,"href":"https:\/\/www.fazenda.niteroi.rj.gov.br\/site\/wp-json\/wp\/v2\/comments?post=9445"}],"version-history":[{"count":0,"href":"https:\/\/www.fazenda.niteroi.rj.gov.br\/site\/wp-json\/wp\/v2\/posts\/9445\/revisions"}],"wp:featuredmedia":[{"embeddable":true,"href":"https:\/\/www.fazenda.niteroi.rj.gov.br\/site\/wp-json\/wp\/v2\/media\/911"}],"wp:attachment":[{"href":"https:\/\/www.fazenda.niteroi.rj.gov.br\/site\/wp-json\/wp\/v2\/media?parent=9445"}],"wp:term":[{"taxonomy":"category","embeddable":true,"href":"https:\/\/www.fazenda.niteroi.rj.gov.br\/site\/wp-json\/wp\/v2\/categories?post=9445"},{"taxonomy":"post_tag","embeddable":true,"href":"https:\/\/www.fazenda.niteroi.rj.gov.br\/site\/wp-json\/wp\/v2\/tags?post=9445"}],"curies":[{"name":"wp","href":"https:\/\/api.w.org\/{rel}","templated":true}]}}