{"id":951,"date":"2016-07-27T12:37:53","date_gmt":"2016-07-27T15:37:53","guid":{"rendered":"http:\/\/fazenda.niteroi.rj.gov.br\/site\/?p=951"},"modified":"2016-07-27T12:37:53","modified_gmt":"2016-07-27T15:37:53","slug":"5o-seminario-de-gestao-publica-fazendaria","status":"publish","type":"post","link":"https:\/\/www.fazenda.niteroi.rj.gov.br\/site\/5o-seminario-de-gestao-publica-fazendaria\/","title":{"rendered":"5\u00ba Semin\u00e1rio de Gest\u00e3o P\u00fablica Fazend\u00e1ria"},"content":{"rendered":"<p><a href=\"http:\/\/fazenda.niteroi.rj.gov.br\/site\/wp-content\/uploads\/2016\/07\/5o-SGESP.jpg\"><img loading=\"lazy\" decoding=\"async\" class=\"alignright size-medium wp-image-952\" src=\"http:\/\/fazenda.niteroi.rj.gov.br\/site\/wp-content\/uploads\/2016\/07\/5o-SGESP-400x300.jpg\" alt=\"Mesa do 5\u00ba SGESP\" width=\"400\" height=\"300\" srcset=\"https:\/\/www.fazenda.niteroi.rj.gov.br\/site\/wp-content\/uploads\/2016\/07\/5o-SGESP-400x300.jpg 400w, https:\/\/www.fazenda.niteroi.rj.gov.br\/site\/wp-content\/uploads\/2016\/07\/5o-SGESP-768x576.jpg 768w, https:\/\/www.fazenda.niteroi.rj.gov.br\/site\/wp-content\/uploads\/2016\/07\/5o-SGESP-600x450.jpg 600w, https:\/\/www.fazenda.niteroi.rj.gov.br\/site\/wp-content\/uploads\/2016\/07\/5o-SGESP-1080x810.jpg 1080w, https:\/\/www.fazenda.niteroi.rj.gov.br\/site\/wp-content\/uploads\/2016\/07\/5o-SGESP.jpg 1280w\" sizes=\"auto, (max-width: 400px) 100vw, 400px\" \/><\/a>O Secret\u00e1rio de Fazenda de Niter\u00f3i Cesar Barbiero participa, hoje, do 5\u00ba Semin\u00e1rio de\u00a0Gest\u00e3o P\u00fablica Fazend\u00e1ria, realizado em Ribeir\u00e3o Preto \u2013 SP. O evento tem como foco\u00a0estudar formas de aumentar as receitas e adequar o controle das despesas.<\/p>\n<p>Representantes de entidades acad\u00eamicas, Receita Federal, Secretaria de Fazenda do\u00a0Estado de S\u00e3o Paulo, Secretaria do Tesouro Nacional e Conselho Regional de\u00a0Contabilidade ministrar\u00e3o palestras. Barbiero falar\u00e1 sobre \u201cSecuritiza\u00e7\u00e3o: Alternativa para\u00a0obten\u00e7\u00e3o de recursos e ativos, viabilizando investimentos e PPP\u201d.<\/p>\n<p>A programa\u00e7\u00e3o do 5\u00ba SGESP est\u00e1 dispon\u00edvel no site:\u00a0<a href=\"http:\/\/www.sgesp.pmrp.com.br\">www.sgesp.pmrp.com.br<\/a>.<\/p>\n","protected":false},"excerpt":{"rendered":"<p>O Secret\u00e1rio de Fazenda de Niter\u00f3i Cesar Barbiero participa, hoje, do 5\u00ba Semin\u00e1rio de\u00a0Gest\u00e3o P\u00fablica Fazend\u00e1ria, realizado em Ribeir\u00e3o Preto \u2013 SP. O evento tem como foco\u00a0estudar formas de aumentar [&hellip;]<\/p>\n","protected":false},"author":3,"featured_media":952,"comment_status":"closed","ping_status":"closed","sticky":false,"template":"","format":"standard","meta":{"_et_pb_use_builder":"","_et_pb_old_content":"","_et_gb_content_width":"","_usar_header_alternativo":false,"footnotes":""},"categories":[10],"tags":[45],"class_list":["post-951","post","type-post","status-publish","format-standard","has-post-thumbnail","hentry","category-noticias","tag-sgesp","et-has-post-format-content","et_post_format-et-post-format-standard"],"_links":{"self":[{"href":"https:\/\/www.fazenda.niteroi.rj.gov.br\/site\/wp-json\/wp\/v2\/posts\/951","targetHints":{"allow":["GET"]}}],"collection":[{"href":"https:\/\/www.fazenda.niteroi.rj.gov.br\/site\/wp-json\/wp\/v2\/posts"}],"about":[{"href":"https:\/\/www.fazenda.niteroi.rj.gov.br\/site\/wp-json\/wp\/v2\/types\/post"}],"author":[{"embeddable":true,"href":"https:\/\/www.fazenda.niteroi.rj.gov.br\/site\/wp-json\/wp\/v2\/users\/3"}],"replies":[{"embeddable":true,"href":"https:\/\/www.fazenda.niteroi.rj.gov.br\/site\/wp-json\/wp\/v2\/comments?post=951"}],"version-history":[{"count":0,"href":"https:\/\/www.fazenda.niteroi.rj.gov.br\/site\/wp-json\/wp\/v2\/posts\/951\/revisions"}],"wp:featuredmedia":[{"embeddable":true,"href":"https:\/\/www.fazenda.niteroi.rj.gov.br\/site\/wp-json\/wp\/v2\/media\/952"}],"wp:attachment":[{"href":"https:\/\/www.fazenda.niteroi.rj.gov.br\/site\/wp-json\/wp\/v2\/media?parent=951"}],"wp:term":[{"taxonomy":"category","embeddable":true,"href":"https:\/\/www.fazenda.niteroi.rj.gov.br\/site\/wp-json\/wp\/v2\/categories?post=951"},{"taxonomy":"post_tag","embeddable":true,"href":"https:\/\/www.fazenda.niteroi.rj.gov.br\/site\/wp-json\/wp\/v2\/tags?post=951"}],"curies":[{"name":"wp","href":"https:\/\/api.w.org\/{rel}","templated":true}]}}