{"id":9690,"date":"2020-05-29T11:17:40","date_gmt":"2020-05-29T14:17:40","guid":{"rendered":"https:\/\/fazenda.niteroi.rj.gov.br\/site\/?p=9690"},"modified":"2021-07-30T17:17:14","modified_gmt":"2021-07-30T20:17:14","slug":"prefeitura-de-niteroi-vai-pagar-auxilio-de-r-1-mil-para-meis-que-atuam-no-setor-de-estetica-e-cuidados-com-a-beleza","status":"publish","type":"post","link":"https:\/\/www.fazenda.niteroi.rj.gov.br\/site\/prefeitura-de-niteroi-vai-pagar-auxilio-de-r-1-mil-para-meis-que-atuam-no-setor-de-estetica-e-cuidados-com-a-beleza\/","title":{"rendered":"Prefeitura de Niter\u00f3i vai pagar aux\u00edlio de R$ 1 mil para MEIs que atuam no setor de est\u00e9tica e cuidados com a beleza"},"content":{"rendered":"\n<p>28\/05\/2020 &#8211; A Prefeitura de Niter\u00f3i vai pagar um aux\u00edlio financeiro emergencial para Microempreendedores Individuais que atuem como cabeleireiros, profissionais de est\u00e9tica, de cuidados com a beleza e pod\u00f3logos, em virtude dos impactos sociais e econ\u00f4micos da pandemia do coronav\u00edrus. A lei que prev\u00ea o benef\u00edcio foi aprovada pela C\u00e2mara e publicada no Di\u00e1rio Oficial desta quinta-feira (28) ap\u00f3s a san\u00e7\u00e3o do prefeito Rodrigo Neves. O aux\u00edlio, no valor de R$ 1 mil, ser\u00e1 pago em parcela \u00fanica, no dia 15 de junho.<\/p>\n\n\n\n<p>Os profissionais poder\u00e3o se cadastrar para receber o benef\u00edcio entre os dias 1 e 10 de junho no site da Secretaria Municipal de Fazenda. Para ter direito ao aux\u00edlio, os microempreendedores individuais que atuam no setor n\u00e3o precisar\u00e3o ter alvar\u00e1 no munic\u00edpio.<\/p>\n\n\n\n<p>Entretanto, ter\u00e3o que cumprir os seguintes pr\u00e9-requisitos: n\u00e3o terem sido beneficiados por outros programas de aux\u00edlio financeiro mensal, aprovados por Leis Municipais; terem inscri\u00e7\u00e3o ativa no CNPJ; terem adquirido sua inscri\u00e7\u00e3o no CNPJ antes do dia 1\u00ba de mar\u00e7o de 2020; n\u00e3o serem servidores p\u00fablicos, ainda que aposentados, ou pensionistas; n\u00e3o serem s\u00f3cios de sociedades empres\u00e1rias ativas; n\u00e3o serem pessoas politicamente expostas ou evidenciar riqueza desproporcional ao rendimento m\u00e1ximo auferido por um microempreendedor individual.<\/p>\n\n\n\n<p>\u201cO apoio \u00e9 importante para uma categoria que ficou prejudicada por conta das regras do isolamento social. S\u00e3o na sua maioria mulheres chefes de fam\u00edlia. Cuidam dos filhos, netos e tomam conta dos mais velhos. O aux\u00edlio chega em um momento muito importante\u201d, explicou a secret\u00e1ria de Fazenda de Niter\u00f3i, Giovanna Victer.<\/p>\n\n\n\n<p>O aux\u00edlio financeiro emergencial em parcela \u00fanica aos Microempreendedores Individuais que atuem como cabeleireiros ou como profissionais de est\u00e9tica e de cuidados com a beleza e pod\u00f3logos foi institu\u00eddo pela <a href=\"http:\/\/pgm.niteroi.rj.gov.br\/downloads\/do\/2020\/05_Mai\/28.pdf\">Lei Municipal N\u00ba 3.504\/2020<\/a> e regulamentado pelo <a href=\"http:\/\/pgm.niteroi.rj.gov.br\/downloads\/do\/2020\/05_Mai\/29.pdf\">Decreto N\u00ba 13.615\/2020<\/a>. <\/p>\n","protected":false},"excerpt":{"rendered":"<p>Cadastro para o benef\u00edcio poder\u00e1 ser feito entre os dias 1 e 10 de junho, no site da Secretaria de Fazenda<\/p>\n","protected":false},"author":3,"featured_media":9158,"comment_status":"closed","ping_status":"closed","sticky":false,"template":"","format":"standard","meta":{"_et_pb_use_builder":"off","_et_pb_old_content":"","_et_gb_content_width":"","_usar_header_alternativo":false,"footnotes":""},"categories":[10],"tags":[91],"class_list":["post-9690","post","type-post","status-publish","format-standard","has-post-thumbnail","hentry","category-noticias","tag-mei","et-has-post-format-content","et_post_format-et-post-format-standard"],"_links":{"self":[{"href":"https:\/\/www.fazenda.niteroi.rj.gov.br\/site\/wp-json\/wp\/v2\/posts\/9690","targetHints":{"allow":["GET"]}}],"collection":[{"href":"https:\/\/www.fazenda.niteroi.rj.gov.br\/site\/wp-json\/wp\/v2\/posts"}],"about":[{"href":"https:\/\/www.fazenda.niteroi.rj.gov.br\/site\/wp-json\/wp\/v2\/types\/post"}],"author":[{"embeddable":true,"href":"https:\/\/www.fazenda.niteroi.rj.gov.br\/site\/wp-json\/wp\/v2\/users\/3"}],"replies":[{"embeddable":true,"href":"https:\/\/www.fazenda.niteroi.rj.gov.br\/site\/wp-json\/wp\/v2\/comments?post=9690"}],"version-history":[{"count":0,"href":"https:\/\/www.fazenda.niteroi.rj.gov.br\/site\/wp-json\/wp\/v2\/posts\/9690\/revisions"}],"wp:featuredmedia":[{"embeddable":true,"href":"https:\/\/www.fazenda.niteroi.rj.gov.br\/site\/wp-json\/wp\/v2\/media\/9158"}],"wp:attachment":[{"href":"https:\/\/www.fazenda.niteroi.rj.gov.br\/site\/wp-json\/wp\/v2\/media?parent=9690"}],"wp:term":[{"taxonomy":"category","embeddable":true,"href":"https:\/\/www.fazenda.niteroi.rj.gov.br\/site\/wp-json\/wp\/v2\/categories?post=9690"},{"taxonomy":"post_tag","embeddable":true,"href":"https:\/\/www.fazenda.niteroi.rj.gov.br\/site\/wp-json\/wp\/v2\/tags?post=9690"}],"curies":[{"name":"wp","href":"https:\/\/api.w.org\/{rel}","templated":true}]}}