{"id":9718,"date":"2020-05-29T22:05:55","date_gmt":"2020-05-30T01:05:55","guid":{"rendered":"https:\/\/fazenda.niteroi.rj.gov.br\/site\/?p=9718"},"modified":"2021-07-30T17:16:42","modified_gmt":"2021-07-30T20:16:42","slug":"prefeitura-de-niteroi-reabre-inscricoes-para-o-programa-empresa-cidada-2","status":"publish","type":"post","link":"https:\/\/www.fazenda.niteroi.rj.gov.br\/site\/prefeitura-de-niteroi-reabre-inscricoes-para-o-programa-empresa-cidada-2\/","title":{"rendered":"Prefeitura de Niter\u00f3i reabre inscri\u00e7\u00f5es para o Programa Empresa Cidad\u00e3 2"},"content":{"rendered":"\n<p>29\/05\/2020 &#8211; A Prefeitura de Niter\u00f3i reabriu nesta sexta-feira (29) o cadastro para o Programa Empresa Cidad\u00e3 &#8211; fase 2, que vai ajudar micro, pequenas empresas, entidades religiosas, organiza\u00e7\u00f5es sindicais, clubes e entidades filantr\u00f3picas no pagamento da folha de empregados. Pelo programa, o poder p\u00fablico municipal vai fazer o dep\u00f3sito de um sal\u00e1rio m\u00ednimo, por tr\u00eas meses, para at\u00e9 nove empregados de empresas, entidades religiosas e organiza\u00e7\u00f5es sindicais com at\u00e9 40 funcion\u00e1rios e alvar\u00e1 na cidade. Como contrapartida, as empresas se comprometem a n\u00e3o reduzir o n\u00famero de postos de trabalho at\u00e9 seis meses ap\u00f3s a ades\u00e3o.<\/p>\n\n\n\n<p>O Empresa Cidad\u00e3 2, que ter\u00e1 inscri\u00e7\u00f5es at\u00e9 a pr\u00f3xima segunda-feira (01 de junho), vai incluir clubes e entidades filantr\u00f3picas de Niter\u00f3i, que ter\u00e3o o aux\u00edlio no pagamento de at\u00e9 20 funcion\u00e1rios. Para essas institui\u00e7\u00f5es, n\u00e3o h\u00e1 limite de empregados. No dia 4 de junho o site da Transpar\u00eancia da Prefeitura disponibilizar\u00e1 o nome de todas as entidades e empresas que aderiram ao programa. <\/p>\n\n\n\n<p>A expectativa \u00e9 preservar 5 mil postos de trabalho e as inscri\u00e7\u00f5es podem ser feitas no site <a href=\"https:\/\/empresacidada.niteroi.rj.gov.br\/\">www.empresacidada.niteroi.rj.gov.br<\/a>.<\/p>\n\n\n\n<p> A reabertura do prazo de ades\u00e3o \u00e0 segunda fase do Programa Empresa Cidad\u00e3 de Niter\u00f3i foi institu\u00edda pelo <a href=\"http:\/\/pgm.niteroi.rj.gov.br\/downloads\/do\/2020\/05_Mai\/29.pdf\">Decreto Municipal N<sup>o<\/sup> 13.616\/2020<\/a>.<\/p>\n\n\n\n<p><\/p>\n","protected":false},"excerpt":{"rendered":"<p>Empresas com at\u00e9 40 funcion\u00e1rios ser\u00e3o beneficiadas nesta nova etapa. Clubes e entidades filantr\u00f3picas tamb\u00e9m poder\u00e3o aderir ao programa.<\/p>\n","protected":false},"author":3,"featured_media":9719,"comment_status":"closed","ping_status":"closed","sticky":false,"template":"","format":"standard","meta":{"_et_pb_use_builder":"off","_et_pb_old_content":"","_et_gb_content_width":"","_usar_header_alternativo":false,"footnotes":""},"categories":[10],"tags":[419,428],"class_list":["post-9718","post","type-post","status-publish","format-standard","has-post-thumbnail","hentry","category-noticias","tag-empresa-cidada","tag-empresa-cidada-de-niteroi","et-has-post-format-content","et_post_format-et-post-format-standard"],"_links":{"self":[{"href":"https:\/\/www.fazenda.niteroi.rj.gov.br\/site\/wp-json\/wp\/v2\/posts\/9718","targetHints":{"allow":["GET"]}}],"collection":[{"href":"https:\/\/www.fazenda.niteroi.rj.gov.br\/site\/wp-json\/wp\/v2\/posts"}],"about":[{"href":"https:\/\/www.fazenda.niteroi.rj.gov.br\/site\/wp-json\/wp\/v2\/types\/post"}],"author":[{"embeddable":true,"href":"https:\/\/www.fazenda.niteroi.rj.gov.br\/site\/wp-json\/wp\/v2\/users\/3"}],"replies":[{"embeddable":true,"href":"https:\/\/www.fazenda.niteroi.rj.gov.br\/site\/wp-json\/wp\/v2\/comments?post=9718"}],"version-history":[{"count":0,"href":"https:\/\/www.fazenda.niteroi.rj.gov.br\/site\/wp-json\/wp\/v2\/posts\/9718\/revisions"}],"wp:featuredmedia":[{"embeddable":true,"href":"https:\/\/www.fazenda.niteroi.rj.gov.br\/site\/wp-json\/wp\/v2\/media\/9719"}],"wp:attachment":[{"href":"https:\/\/www.fazenda.niteroi.rj.gov.br\/site\/wp-json\/wp\/v2\/media?parent=9718"}],"wp:term":[{"taxonomy":"category","embeddable":true,"href":"https:\/\/www.fazenda.niteroi.rj.gov.br\/site\/wp-json\/wp\/v2\/categories?post=9718"},{"taxonomy":"post_tag","embeddable":true,"href":"https:\/\/www.fazenda.niteroi.rj.gov.br\/site\/wp-json\/wp\/v2\/tags?post=9718"}],"curies":[{"name":"wp","href":"https:\/\/api.w.org\/{rel}","templated":true}]}}