{"id":9722,"date":"2020-05-29T14:53:00","date_gmt":"2020-05-29T17:53:00","guid":{"rendered":"https:\/\/fazenda.niteroi.rj.gov.br\/site\/?p=9722"},"modified":"2020-05-30T15:00:02","modified_gmt":"2020-05-30T18:00:02","slug":"secretaria-de-fazenda-apresenta-resultados-do-1o-quadrimestre-de-2020-em-audiencia-publica","status":"publish","type":"post","link":"https:\/\/www.fazenda.niteroi.rj.gov.br\/site\/secretaria-de-fazenda-apresenta-resultados-do-1o-quadrimestre-de-2020-em-audiencia-publica\/","title":{"rendered":"Secretaria de Fazenda apresenta resultados do 1\u00ba Quadrimestre de 2020 em audi\u00eancia p\u00fablica"},"content":{"rendered":"\n<p>A Secretaria Municipal de Fazenda apresentou os dados relativos ao Relat\u00f3rio de Gest\u00e3o Fiscal \u2013 1\u00ba Quadrimestre\/2020 e 2\u00ba Bimestre\/2020 do Relat\u00f3rio Resumido de Execu\u00e7\u00e3o Or\u00e7ament\u00e1ria (RREO) em audi\u00eancia p\u00fablica na C\u00e2mara de Vereadores de Niter\u00f3i nesta sexta-feira (29). O evento foi realizado no formato online, com transmiss\u00e3o ao vivo no Facebook e Youtube da C\u00e2mara.<\/p>\n\n\n\n<p>Na audi\u00eancia p\u00fablica foram discutidos aspectos financeiros e or\u00e7ament\u00e1rios, evidenciados no RGF (Relat\u00f3rio de Gest\u00e3o Fiscal) e RREO (Relat\u00f3rio da Gest\u00e3o Fiscal e Resumido da Execu\u00e7\u00e3o Or\u00e7ament\u00e1ria), que t\u00eam por objetivo a avalia\u00e7\u00e3o e controle do comportamento da receita; evolu\u00e7\u00e3o da despesa; controle de gastos com pessoal; d\u00edvida consolidada, opera\u00e7\u00f5es de cr\u00e9dito, aplica\u00e7\u00e3o em sa\u00fade e educa\u00e7\u00e3o.<\/p>\n\n\n\n<p>A Secretaria de Fazenda informou que a distribui\u00e7\u00e3o de recursos discriminada no Relat\u00f3rio Resumido da Execu\u00e7\u00e3o Or\u00e7ament\u00e1ria segue os par\u00e2metros previstos na Lei Or\u00e7ament\u00e1ria Anual (LOA) de 2020. Al\u00e9m disso, o relat\u00f3rio aponta que Niter\u00f3i caminha para o cumprimento dos percentuais de recursos investidos em Sa\u00fade e Educa\u00e7\u00e3o previstos pela Constitui\u00e7\u00e3o Federal. E a despesa com a remunera\u00e7\u00e3o de servidores \u00e9 de 38,92% da Receita Corrente L\u00edquida, dentro do limite exigido pela Lei de Responsabilidade Fiscal, que \u00e9 de 54% da RCL.<\/p>\n","protected":false},"excerpt":{"rendered":"<p>Na audi\u00eancia p\u00fablica foram discutidos aspectos financeiros e or\u00e7ament\u00e1rios, evidenciados no RGF (Relat\u00f3rio de Gest\u00e3o Fiscal) e RREO (Relat\u00f3rio da Gest\u00e3o Fiscal e Resumido da Execu\u00e7\u00e3o Or\u00e7ament\u00e1ria).<\/p>\n","protected":false},"author":3,"featured_media":911,"comment_status":"closed","ping_status":"closed","sticky":false,"template":"","format":"standard","meta":{"_et_pb_use_builder":"off","_et_pb_old_content":"","_et_gb_content_width":"","_usar_header_alternativo":false,"footnotes":""},"categories":[10],"tags":[279],"class_list":["post-9722","post","type-post","status-publish","format-standard","has-post-thumbnail","hentry","category-noticias","tag-audiencia-publica","et-has-post-format-content","et_post_format-et-post-format-standard"],"_links":{"self":[{"href":"https:\/\/www.fazenda.niteroi.rj.gov.br\/site\/wp-json\/wp\/v2\/posts\/9722","targetHints":{"allow":["GET"]}}],"collection":[{"href":"https:\/\/www.fazenda.niteroi.rj.gov.br\/site\/wp-json\/wp\/v2\/posts"}],"about":[{"href":"https:\/\/www.fazenda.niteroi.rj.gov.br\/site\/wp-json\/wp\/v2\/types\/post"}],"author":[{"embeddable":true,"href":"https:\/\/www.fazenda.niteroi.rj.gov.br\/site\/wp-json\/wp\/v2\/users\/3"}],"replies":[{"embeddable":true,"href":"https:\/\/www.fazenda.niteroi.rj.gov.br\/site\/wp-json\/wp\/v2\/comments?post=9722"}],"version-history":[{"count":0,"href":"https:\/\/www.fazenda.niteroi.rj.gov.br\/site\/wp-json\/wp\/v2\/posts\/9722\/revisions"}],"wp:featuredmedia":[{"embeddable":true,"href":"https:\/\/www.fazenda.niteroi.rj.gov.br\/site\/wp-json\/wp\/v2\/media\/911"}],"wp:attachment":[{"href":"https:\/\/www.fazenda.niteroi.rj.gov.br\/site\/wp-json\/wp\/v2\/media?parent=9722"}],"wp:term":[{"taxonomy":"category","embeddable":true,"href":"https:\/\/www.fazenda.niteroi.rj.gov.br\/site\/wp-json\/wp\/v2\/categories?post=9722"},{"taxonomy":"post_tag","embeddable":true,"href":"https:\/\/www.fazenda.niteroi.rj.gov.br\/site\/wp-json\/wp\/v2\/tags?post=9722"}],"curies":[{"name":"wp","href":"https:\/\/api.w.org\/{rel}","templated":true}]}}